{"id":10032,"date":"2023-09-30T19:07:49","date_gmt":"2023-09-30T17:07:49","guid":{"rendered":"http:\/\/lubsza.org\/?p=10032"},"modified":"2023-10-05T19:11:57","modified_gmt":"2023-10-05T17:11:57","slug":"wawrzynek-wilczelyko-daphne-mezereum","status":"publish","type":"post","link":"http:\/\/lubsza.org\/?p=10032","title":{"rendered":"WAWRZYNEK WILCZE\u0141YKO (Daphne mezereum)"},"content":{"rendered":"<p style=\"text-align: center\"><strong>WAWRZYNEK WILCZE\u0141YKO<br \/>\n<\/strong>(Daphne mezereum)<\/p>\n<p><!--more--><\/p>\n<p style=\"text-align: center\">Wyst\u0119puje w ca\u0142ej Europie, w zachodniej Syberii, na A\u0142taju i Kaukazie, a tak\u017ce w Azji Mniejszej. W Polsce ro\u015bnie na ca\u0142ym terytorium, ale jest ro\u015blin\u0105 rzadk\u0105. Do\u015b\u0107 cz\u0119sto wyst\u0119puje w po\u0142udniowej, wschodniej i p\u00f3\u0142nocno-wschodniej cz\u0119\u015bci kraju. Na pozosta\u0142ym obszarze jest spotykany rzadziej i na rozproszonych stanowiskach. W latach 1946\u20132014 gatunek by\u0142 obj\u0119ty w Polsce ochron\u0105 \u015bcis\u0142\u0105, od 2014 roku podlega ochronie cz\u0119\u015bciowej. Zagro\u017ceniem dla wawrzynka jest zbi\u00f3r kwitn\u0105cych ro\u015blin w celach dekoracyjnych oraz przesadzanie ich do ogr\u00f3dk\u00f3w.<\/p>\n<p style=\"text-align: center\">Wawrzynek wilcze\u0142yko jest niezbyt wysokim krzewem dorastaj\u0105cym do 1,5 m wysoko\u015bci, o\u00a0odstaj\u0105cych, do\u015b\u0107 sztywnych, l\u015bni\u0105cych ga\u0142\u0105zkach. Przewa\u017cnie kwitnie w marcu i kwietniu, ale czasem ju\u017c w lutym. Obok leszczyny jest to najwcze\u015bniej kwitn\u0105cy krzew. Nale\u017cy do nielicznej grupy ro\u015blin, kt\u00f3re zakwitaj\u0105 przed wypuszczeniem li\u015bci. Kwiaty s\u0105 bia\u0142e lub r\u00f3\u017cowe, wonne, o zapachu przypominaj\u0105cym wo\u0144 hiacynt\u00f3w. Zapach odczuwalny jest z odleg\u0142o\u015bci kilkudziesi\u0119ciu metr\u00f3w. W czerwcu i lipcu dojrzewaj\u0105 jaskrawoczerwone b\u0105d\u017a \u017c\u00f3\u0142te owoce wielko\u015bci grochu.<\/p>\n<p style=\"text-align: center\">Jest szczeg\u00f3lnie polecany jest do ma\u0142ych ogr\u00f3dk\u00f3w ze wzgl\u0119du na niewielkie wymiary i bardzo wolny wzrost. Ca\u0142a ro\u015blina jest truj\u0105ca dla cz\u0142owieka oraz innych ssak\u00f3w. Dawniej by\u0142 stosowany w lecznictwie ludowym do przeciwreumatycznego smarowania i nacierania.<\/p>\n<p style=\"text-align: center\"><em>\u0179r\u00f3d\u0142o: <\/em><a href=\"https:\/\/zielonyogrodek.pl\/katalog-roslin\/krzewy\/9423-wawrzynek-wilczelyko\"><em>https:\/\/zielonyogrodek.pl\/katalog-roslin\/krzewy\/9423-wawrzynek-wilczelyko<\/em><\/a><\/p>\n<div id='gallery-1' class='gallery galleryid-10032 gallery-columns-3 gallery-size-thumbnail'><figure class='gallery-item'>\n\t\t\t<div class='gallery-icon portrait'>\n\t\t\t\t<a href='http:\/\/lubsza.org\/wp-content\/uploads\/2023\/10\/018-Wawrzynek-wilczelyko-scaled-e1696525760633.jpg' rel=\"lightbox[10032]\"><img loading=\"lazy\" decoding=\"async\" width=\"150\" height=\"150\" src=\"http:\/\/lubsza.org\/wp-content\/uploads\/2023\/10\/018-Wawrzynek-wilczelyko-150x150.jpg\" class=\"attachment-thumbnail size-thumbnail\" alt=\"\" \/><\/a>\n\t\t\t<\/div><\/figure><figure class='gallery-item'>\n\t\t\t<div class='gallery-icon landscape'>\n\t\t\t\t<a href='http:\/\/lubsza.org\/wp-content\/uploads\/2023\/10\/018-b-Wawrzynek-wilczelyko-scaled-e1696525739867.jpg' rel=\"lightbox[10032]\"><img loading=\"lazy\" decoding=\"async\" width=\"150\" height=\"150\" src=\"http:\/\/lubsza.org\/wp-content\/uploads\/2023\/10\/018-b-Wawrzynek-wilczelyko-150x150.jpg\" class=\"attachment-thumbnail size-thumbnail\" alt=\"\" \/><\/a>\n\t\t\t<\/div><\/figure>\n\t\t<\/div>\n\n<p style=\"text-align: center\">\n","protected":false},"excerpt":{"rendered":"<p>WAWRZYNEK WILCZE\u0141YKO (Daphne mezereum)<\/p>\n","protected":false},"author":2,"featured_media":0,"comment_status":"closed","ping_status":"open","sticky":false,"template":"","format":"standard","meta":{"footnotes":""},"categories":[62],"tags":[],"class_list":["post-10032","post","type-post","status-publish","format-standard","hentry","category-multimedialny-przewodnik-roslin"],"_links":{"self":[{"href":"http:\/\/lubsza.org\/index.php?rest_route=\/wp\/v2\/posts\/10032","targetHints":{"allow":["GET"]}}],"collection":[{"href":"http:\/\/lubsza.org\/index.php?rest_route=\/wp\/v2\/posts"}],"about":[{"href":"http:\/\/lubsza.org\/index.php?rest_route=\/wp\/v2\/types\/post"}],"author":[{"embeddable":true,"href":"http:\/\/lubsza.org\/index.php?rest_route=\/wp\/v2\/users\/2"}],"replies":[{"embeddable":true,"href":"http:\/\/lubsza.org\/index.php?rest_route=%2Fwp%2Fv2%2Fcomments&post=10032"}],"version-history":[{"count":1,"href":"http:\/\/lubsza.org\/index.php?rest_route=\/wp\/v2\/posts\/10032\/revisions"}],"predecessor-version":[{"id":10035,"href":"http:\/\/lubsza.org\/index.php?rest_route=\/wp\/v2\/posts\/10032\/revisions\/10035"}],"wp:attachment":[{"href":"http:\/\/lubsza.org\/index.php?rest_route=%2Fwp%2Fv2%2Fmedia&parent=10032"}],"wp:term":[{"taxonomy":"category","embeddable":true,"href":"http:\/\/lubsza.org\/index.php?rest_route=%2Fwp%2Fv2%2Fcategories&post=10032"},{"taxonomy":"post_tag","embeddable":true,"href":"http:\/\/lubsza.org\/index.php?rest_route=%2Fwp%2Fv2%2Ftags&post=10032"}],"curies":[{"name":"wp","href":"https:\/\/api.w.org\/{rel}","templated":true}]}}