{"id":10036,"date":"2023-09-30T19:09:46","date_gmt":"2023-09-30T17:09:46","guid":{"rendered":"http:\/\/lubsza.org\/?p=10036"},"modified":"2023-10-05T19:18:18","modified_gmt":"2023-10-05T17:18:18","slug":"wiaz-gorski-ulmus-glabra","status":"publish","type":"post","link":"http:\/\/lubsza.org\/?p=10036","title":{"rendered":"WI\u0104Z G\u00d3RSKI (Ulmus Glabra)"},"content":{"rendered":"<p style=\"text-align: center\"><strong>WI\u0104Z G\u00d3RSKI<br \/>\n<\/strong><em>(Ulmus Glabra)<br \/>\n<\/em><\/p>\n<p><!--more--><\/p>\n<p style=\"text-align: center\">Wi\u0105z g\u00f3rski\u00a0wyst\u0119puj\u0105cy te\u017c pod nazwami wi\u0105z szorstki, brzost, to drzewo li\u015bciaste nale\u017c\u0105ce do rodziny wi\u0105zowatych. Dawniej wyst\u0119powa\u0142 na wy\u017cynach i w g\u00f3rach na terenie ca\u0142ej Polski, obecnie populacja znacz\u0105co zmala\u0142a. Mo\u017cna go spotka\u0107 r\u00f3wnie\u017c na terenach po\u0142udniowo-wschodniej Europy (Ba\u0142kany czy te\u017c Azja Mniejsza). Wi\u0105z g\u00f3rski mo\u017ce osi\u0105gn\u0105\u0107 20-40 m wysoko\u015bci. Ro\u015blina tworzy najcz\u0119\u015bciej wielopienn\u0105, wysok\u0105 koron\u0119 o kszta\u0142cie kulistym, cylindrycznym lub sto\u017ckowatym. Kora ma barw\u0119 ciemnoszar\u0105 i jest g\u0142adka. Pi\u0142kowane li\u015bcie na g\u00f3rnej blaszce s\u0105 szorstkie w dotyku i s\u0105 du\u017ce &#8211; maj\u0105 \u015brednic\u0119 10 -15 cm. Wi\u0105z kwitnie wczesn\u0105 wiosn\u0105. Jeszcze przed pojawieniem si\u0119 li\u015bci wytwarza drobne, niepozorne, lekko br\u0105zowe kwiaty, ch\u0119tnie odwiedzane przez pszczo\u0142y. Owocem jest charakterystyczny orzeszek z charakterystycznymi skrzyde\u0142kami.<\/p>\n<p style=\"text-align: center\">Wi\u0105z g\u00f3rski\u00a0jako gatunek poleca si\u0119 sadzi\u0107 w bardzo du\u017cych ogrodach i parkach. W formie odmian ozdobnych, kt\u00f3re maj\u0105 mniejsze rozmiary, wi\u0105zy mo\u017cna z powodzeniem stosowa\u0107 w\u00a0nasadzeniach przydomowych, mniejszych ogrodach.<\/p>\n<p style=\"text-align: center\"><em>\u0179r\u00f3d\u0142o: <\/em><a href=\"https:\/\/zielonyogrodek.pl\/katalog-roslin\/drzewa\/9541-wiaz-gorski\"><em>https:\/\/zielonyogrodek.pl\/katalog-roslin\/drzewa\/9541-wiaz-gorski<\/em><\/a><\/p>\n<div id='gallery-1' class='gallery galleryid-10036 gallery-columns-3 gallery-size-thumbnail'><figure class='gallery-item'>\n\t\t\t<div class='gallery-icon landscape'>\n\t\t\t\t<a href='http:\/\/lubsza.org\/wp-content\/uploads\/2023\/10\/017-b-Wiaz-gorski-scaled-e1696525859133.jpg' rel=\"lightbox[10036]\"><img loading=\"lazy\" decoding=\"async\" width=\"150\" height=\"150\" src=\"http:\/\/lubsza.org\/wp-content\/uploads\/2023\/10\/017-b-Wiaz-gorski-150x150.jpg\" class=\"attachment-thumbnail size-thumbnail\" alt=\"\" \/><\/a>\n\t\t\t<\/div><\/figure><figure class='gallery-item'>\n\t\t\t<div class='gallery-icon portrait'>\n\t\t\t\t<a href='http:\/\/lubsza.org\/wp-content\/uploads\/2023\/10\/017-Wiaz-gorski-scaled-e1696525870870.jpg' rel=\"lightbox[10036]\"><img loading=\"lazy\" decoding=\"async\" width=\"150\" height=\"150\" src=\"http:\/\/lubsza.org\/wp-content\/uploads\/2023\/10\/017-Wiaz-gorski-150x150.jpg\" class=\"attachment-thumbnail size-thumbnail\" alt=\"\" \/><\/a>\n\t\t\t<\/div><\/figure>\n\t\t<\/div>\n\n<p style=\"text-align: center\"><em>\u00a0<\/em><\/p>\n","protected":false},"excerpt":{"rendered":"<p>WI\u0104Z G\u00d3RSKI (Ulmus Glabra)<\/p>\n","protected":false},"author":2,"featured_media":0,"comment_status":"closed","ping_status":"open","sticky":false,"template":"","format":"standard","meta":{"footnotes":""},"categories":[62],"tags":[],"class_list":["post-10036","post","type-post","status-publish","format-standard","hentry","category-multimedialny-przewodnik-roslin"],"_links":{"self":[{"href":"http:\/\/lubsza.org\/index.php?rest_route=\/wp\/v2\/posts\/10036","targetHints":{"allow":["GET"]}}],"collection":[{"href":"http:\/\/lubsza.org\/index.php?rest_route=\/wp\/v2\/posts"}],"about":[{"href":"http:\/\/lubsza.org\/index.php?rest_route=\/wp\/v2\/types\/post"}],"author":[{"embeddable":true,"href":"http:\/\/lubsza.org\/index.php?rest_route=\/wp\/v2\/users\/2"}],"replies":[{"embeddable":true,"href":"http:\/\/lubsza.org\/index.php?rest_route=%2Fwp%2Fv2%2Fcomments&post=10036"}],"version-history":[{"count":3,"href":"http:\/\/lubsza.org\/index.php?rest_route=\/wp\/v2\/posts\/10036\/revisions"}],"predecessor-version":[{"id":10052,"href":"http:\/\/lubsza.org\/index.php?rest_route=\/wp\/v2\/posts\/10036\/revisions\/10052"}],"wp:attachment":[{"href":"http:\/\/lubsza.org\/index.php?rest_route=%2Fwp%2Fv2%2Fmedia&parent=10036"}],"wp:term":[{"taxonomy":"category","embeddable":true,"href":"http:\/\/lubsza.org\/index.php?rest_route=%2Fwp%2Fv2%2Fcategories&post=10036"},{"taxonomy":"post_tag","embeddable":true,"href":"http:\/\/lubsza.org\/index.php?rest_route=%2Fwp%2Fv2%2Ftags&post=10036"}],"curies":[{"name":"wp","href":"https:\/\/api.w.org\/{rel}","templated":true}]}}