{"id":2693,"date":"2014-11-18T18:41:19","date_gmt":"2014-11-18T17:41:19","guid":{"rendered":"http:\/\/lubsza.org\/?p=2693"},"modified":"2014-11-21T00:57:44","modified_gmt":"2014-11-20T23:57:44","slug":"nowa-rada-miejska-w-woznikach","status":"publish","type":"post","link":"http:\/\/lubsza.org\/?p=2693","title":{"rendered":"Nowe &#8211; stare w\u0142adze w Wo\u017anikach"},"content":{"rendered":"<p style=\"text-align: justify;\"><a href=\"http:\/\/lubsza.org\/wp-content\/uploads\/2014\/10\/godlo-polski.jpg\" rel=\"lightbox[2693]\"><img loading=\"lazy\" decoding=\"async\" class=\"alignleft  wp-image-2431\" alt=\"godlo polski\" src=\"http:\/\/lubsza.org\/wp-content\/uploads\/2014\/10\/godlo-polski.jpg\" width=\"135\" height=\"150\" \/><\/a>Wci\u0105\u017c czekamy na oficjalne wyniki wybor\u00f3w samorz\u0105dowych, kt\u00f3re odby\u0142y si\u0119 16 listopada br. Jednak znamy ju\u017c sk\u0142ad Rady Miejskiej w Wo\u017anikach oraz nazwisko burmistrza na najbli\u017csz\u0105 kadencj\u0119. Niewielk\u0105 liczb\u0105 g\u0142os\u00f3w (48) wygra\u0142 dotychczasowy burmistrz Miasta i Gminy Wo\u017aniki, Alojzy Cichowski.<\/p>\n<p style=\"text-align: justify;\"><!--more--><\/p>\n<p style=\"text-align: justify;\">Wed\u0142ug danych protoko\u0142u Miejsko-Gminnej Komisji Wyborczej w Wo\u017anikach z 17 listopada 2014 roku, spo\u015br\u00f3d 7804 os\u00f3b uprawnionych do g\u0142osowania, w wyborze burmistrza uczestniczy\u0142o 3619 mieszka\u0144c\u00f3w gminy, z czego 98 oddanych kart zosta\u0142o wype\u0142nionych b\u0142\u0119dnie. Roman Wojsyk z\u00a0 <em>KWW Forum Samorz\u0105dowe Ziemi Lublinieckiej<\/em> otrzyma\u0142 1736, a Alojzy Cichowski <em>KWW Forum na Rzecz Rozwoju Miasta i Gminy Wo\u017aniki<\/em> &#8211; 1784 g\u0142osy.<\/p>\n<p style=\"text-align: justify;\">Burmistrz Cichowski wprowadzi\u0142 do 15-osobowej Rady Miejskiej 11 radnych ze swojej listy. S\u0105 to: Maria Golasz (Lubsza), Franciszek Kowalski (Lubsza\/Piasek), Andrzej Staro\u0144 (Wo\u017aniki\/Dyrdy), Jan Telenga, Stefan D\u0142ugaj, Henryk Gorol, Grzegorz Mo\u015bny (Wo\u017aniki), Stanis\u0142aw Wojsyk (Ligota W.), Marian Mierzwa (Psary), \u0141ucjan Garus (Kamienica) i Jacek Krzywo\u0144 (Kamie\u0144skie M\u0142yny).<br \/>\n<em>KWW Forum Samorz\u0105dowe Ziemi Lublinieckiej<\/em> reprezentowa\u0107 b\u0119d\u0105 w Radzie Miejskiej trzy osoby: Krystyna Gorol (Psary), Weronika Majchrzyk i Czes\u0142aw Kucharczyk (Babienica), natomiast <em>KWW &#8222;Razem dla Miasta Wo\u017aniki&#8221;<\/em> &#8211; jedna radna, Anna\u00a0 Michalska (Dyrdy).<\/p>\n<p style=\"text-align: justify;\">Mieszka\u0144c\u00f3w Lubszy mo\u017ce zainteresowa\u0107 rozk\u0142ad g\u0142os\u00f3w w okr\u0119gu nr 13 i 14, w kt\u00f3rych na radnych startowa\u0142o troje mieszka\u0144c\u00f3w so\u0142ectwa. Wed\u0142ug protoko\u0142u Miejsko-Gminnej Komisji Wyborczej w Wo\u017anikach dotycz\u0105cego wynik\u00f3w wybor\u00f3w do Rady Miejskiej, w okr\u0119gu nr 13 (ul. Lompy, Szkolna, Polna) oddano w sumie 229 wa\u017cnych g\u0142os\u00f3w. Na Mari\u0119 Golasz g\u0142osowa\u0142y 124 osoby, a na Micha\u0142a Golasia &#8211; 105. Z kolei w okr\u0119gu nr 14, obejmuj\u0105cym pozosta\u0142e ulice Lubszy oraz Piasek g\u0142osowa\u0142o w sumie 227 mieszka\u0144c\u00f3w, z czego na lubszanina &#8211; Romana Opie\u0142k\u0119 84 osoby, za\u015b na Franciszka Kowalskiego z Piasku &#8211; 143 g\u0142osuj\u0105cych.<\/p>\n<p style=\"text-align: justify;\">W okr\u0119gu 13 r\u00f3\u017cnica g\u0142os\u00f3w wynios\u0142a zaledwie 19 g\u0142os\u00f3w, ale nie jest to rekord gminy. Najmniejsz\u0105 r\u00f3\u017cnic\u0119 odnotowano w okr\u0119gu nr 2, gdzie Anna Michalska pokona\u0142a drugiego w kolejno\u015bci kandydata czterema g\u0142osami (77:73) oraz w Psarach, gdzie Krystyna Gorol otrzyma\u0142a o 9 g\u0142os\u00f3w wi\u0119cej ni\u017c kontrkandydat.<br \/>\nWarto te\u017c zauwa\u017cy\u0107, \u017ce w dw\u00f3ch okr\u0119gach: 4. oraz 6., ju\u017c 14 pa\u017adziernika rozstrzygn\u0119\u0142o si\u0119, kto zostanie radnym. W tych bowiem okr\u0119gach zg\u0142oszono tylko po jednym kandydacie. W ten spos\u00f3b mandat radnego zdobyli Grzegorz Mo\u015bny i Stefan D\u0142ugaj.<\/p>\n<p style=\"text-align: justify;\">Nasi reprezentanci w Gminie:<\/p>\n<div id='gallery-1' class='gallery galleryid-2693 gallery-columns-3 gallery-size-thumbnail'><figure class='gallery-item'>\n\t\t\t<div class='gallery-icon portrait'>\n\t\t\t\t<a href='http:\/\/lubsza.org\/wp-content\/uploads\/2014\/11\/maria-golasz.jpg' rel=\"lightbox[2693]\"><img loading=\"lazy\" decoding=\"async\" width=\"150\" height=\"150\" src=\"http:\/\/lubsza.org\/wp-content\/uploads\/2014\/11\/maria-golasz-150x150.jpg\" class=\"attachment-thumbnail size-thumbnail\" alt=\"\" \/><\/a>\n\t\t\t<\/div><\/figure><figure class='gallery-item'>\n\t\t\t<div class='gallery-icon portrait'>\n\t\t\t\t<a href='http:\/\/lubsza.org\/wp-content\/uploads\/2014\/11\/krystyna-gorol.jpg' rel=\"lightbox[2693]\"><img loading=\"lazy\" decoding=\"async\" width=\"150\" height=\"150\" src=\"http:\/\/lubsza.org\/wp-content\/uploads\/2014\/11\/krystyna-gorol-150x150.jpg\" class=\"attachment-thumbnail size-thumbnail\" alt=\"\" \/><\/a>\n\t\t\t<\/div><\/figure><figure class='gallery-item'>\n\t\t\t<div class='gallery-icon portrait'>\n\t\t\t\t<a href='http:\/\/lubsza.org\/wp-content\/uploads\/2014\/11\/weronika-majchrzyk.jpg' rel=\"lightbox[2693]\"><img loading=\"lazy\" decoding=\"async\" width=\"150\" height=\"150\" src=\"http:\/\/lubsza.org\/wp-content\/uploads\/2014\/11\/weronika-majchrzyk-150x150.jpg\" class=\"attachment-thumbnail size-thumbnail\" alt=\"\" \/><\/a>\n\t\t\t<\/div><\/figure><figure class='gallery-item'>\n\t\t\t<div class='gallery-icon portrait'>\n\t\t\t\t<a href='http:\/\/lubsza.org\/wp-content\/uploads\/2014\/11\/anna-michalska.jpg' rel=\"lightbox[2693]\"><img loading=\"lazy\" decoding=\"async\" width=\"150\" height=\"150\" src=\"http:\/\/lubsza.org\/wp-content\/uploads\/2014\/11\/anna-michalska-150x150.jpg\" class=\"attachment-thumbnail size-thumbnail\" alt=\"\" \/><\/a>\n\t\t\t<\/div><\/figure><figure class='gallery-item'>\n\t\t\t<div class='gallery-icon portrait'>\n\t\t\t\t<a href='http:\/\/lubsza.org\/wp-content\/uploads\/2014\/11\/stefan-dlugaj.jpg' rel=\"lightbox[2693]\"><img loading=\"lazy\" decoding=\"async\" width=\"150\" height=\"150\" src=\"http:\/\/lubsza.org\/wp-content\/uploads\/2014\/11\/stefan-dlugaj-150x150.jpg\" class=\"attachment-thumbnail size-thumbnail\" alt=\"\" \/><\/a>\n\t\t\t<\/div><\/figure><figure class='gallery-item'>\n\t\t\t<div class='gallery-icon portrait'>\n\t\t\t\t<a href='http:\/\/lubsza.org\/wp-content\/uploads\/2014\/11\/lucjan-garus.jpg' rel=\"lightbox[2693]\"><img loading=\"lazy\" decoding=\"async\" width=\"150\" height=\"150\" src=\"http:\/\/lubsza.org\/wp-content\/uploads\/2014\/11\/lucjan-garus-150x150.jpg\" class=\"attachment-thumbnail size-thumbnail\" alt=\"\" \/><\/a>\n\t\t\t<\/div><\/figure><figure class='gallery-item'>\n\t\t\t<div class='gallery-icon portrait'>\n\t\t\t\t<a href='http:\/\/lubsza.org\/wp-content\/uploads\/2014\/11\/henryk-gorol.jpg' rel=\"lightbox[2693]\"><img loading=\"lazy\" decoding=\"async\" width=\"150\" height=\"150\" src=\"http:\/\/lubsza.org\/wp-content\/uploads\/2014\/11\/henryk-gorol-150x150.jpg\" class=\"attachment-thumbnail size-thumbnail\" alt=\"\" \/><\/a>\n\t\t\t<\/div><\/figure><figure class='gallery-item'>\n\t\t\t<div class='gallery-icon portrait'>\n\t\t\t\t<a href='http:\/\/lubsza.org\/wp-content\/uploads\/2014\/11\/franciszek-kowalski.jpg' rel=\"lightbox[2693]\"><img loading=\"lazy\" decoding=\"async\" width=\"150\" height=\"150\" src=\"http:\/\/lubsza.org\/wp-content\/uploads\/2014\/11\/franciszek-kowalski-150x150.jpg\" class=\"attachment-thumbnail size-thumbnail\" alt=\"\" \/><\/a>\n\t\t\t<\/div><\/figure><figure class='gallery-item'>\n\t\t\t<div class='gallery-icon portrait'>\n\t\t\t\t<a href='http:\/\/lubsza.org\/wp-content\/uploads\/2014\/11\/czeslaw-kucharczyk.jpg' rel=\"lightbox[2693]\"><img loading=\"lazy\" decoding=\"async\" width=\"150\" height=\"150\" src=\"http:\/\/lubsza.org\/wp-content\/uploads\/2014\/11\/czeslaw-kucharczyk-150x150.jpg\" class=\"attachment-thumbnail size-thumbnail\" alt=\"\" \/><\/a>\n\t\t\t<\/div><\/figure><figure class='gallery-item'>\n\t\t\t<div class='gallery-icon portrait'>\n\t\t\t\t<a href='http:\/\/lubsza.org\/wp-content\/uploads\/2014\/11\/Jacek-krzywon.jpg' rel=\"lightbox[2693]\"><img loading=\"lazy\" decoding=\"async\" width=\"150\" height=\"150\" src=\"http:\/\/lubsza.org\/wp-content\/uploads\/2014\/11\/Jacek-krzywon-150x150.jpg\" class=\"attachment-thumbnail size-thumbnail\" alt=\"\" \/><\/a>\n\t\t\t<\/div><\/figure><figure class='gallery-item'>\n\t\t\t<div class='gallery-icon portrait'>\n\t\t\t\t<a href='http:\/\/lubsza.org\/wp-content\/uploads\/2014\/11\/marian-mierzwa.jpg' rel=\"lightbox[2693]\"><img loading=\"lazy\" decoding=\"async\" width=\"150\" height=\"150\" src=\"http:\/\/lubsza.org\/wp-content\/uploads\/2014\/11\/marian-mierzwa-150x150.jpg\" class=\"attachment-thumbnail size-thumbnail\" alt=\"\" \/><\/a>\n\t\t\t<\/div><\/figure><figure class='gallery-item'>\n\t\t\t<div class='gallery-icon portrait'>\n\t\t\t\t<a href='http:\/\/lubsza.org\/wp-content\/uploads\/2014\/11\/grzegorz-mosny.jpg' rel=\"lightbox[2693]\"><img loading=\"lazy\" decoding=\"async\" width=\"150\" height=\"150\" src=\"http:\/\/lubsza.org\/wp-content\/uploads\/2014\/11\/grzegorz-mosny-150x150.jpg\" class=\"attachment-thumbnail size-thumbnail\" alt=\"\" \/><\/a>\n\t\t\t<\/div><\/figure><figure class='gallery-item'>\n\t\t\t<div class='gallery-icon portrait'>\n\t\t\t\t<a href='http:\/\/lubsza.org\/wp-content\/uploads\/2014\/11\/andrzej-staron.jpg' rel=\"lightbox[2693]\"><img loading=\"lazy\" decoding=\"async\" width=\"150\" height=\"150\" src=\"http:\/\/lubsza.org\/wp-content\/uploads\/2014\/11\/andrzej-staron-150x150.jpg\" class=\"attachment-thumbnail size-thumbnail\" alt=\"\" \/><\/a>\n\t\t\t<\/div><\/figure><figure class='gallery-item'>\n\t\t\t<div class='gallery-icon portrait'>\n\t\t\t\t<a href='http:\/\/lubsza.org\/wp-content\/uploads\/2014\/11\/jan-telenga.jpg' rel=\"lightbox[2693]\"><img loading=\"lazy\" decoding=\"async\" width=\"150\" height=\"150\" src=\"http:\/\/lubsza.org\/wp-content\/uploads\/2014\/11\/jan-telenga-150x150.jpg\" class=\"attachment-thumbnail size-thumbnail\" alt=\"\" \/><\/a>\n\t\t\t<\/div><\/figure><figure class='gallery-item'>\n\t\t\t<div class='gallery-icon portrait'>\n\t\t\t\t<a href='http:\/\/lubsza.org\/wp-content\/uploads\/2014\/11\/stanislaw-wojsyk1.jpg' rel=\"lightbox[2693]\"><img loading=\"lazy\" decoding=\"async\" width=\"150\" height=\"150\" src=\"http:\/\/lubsza.org\/wp-content\/uploads\/2014\/11\/stanislaw-wojsyk1-150x150.jpg\" class=\"attachment-thumbnail size-thumbnail\" alt=\"\" \/><\/a>\n\t\t\t<\/div><\/figure><figure class='gallery-item'>\n\t\t\t<div class='gallery-icon portrait'>\n\t\t\t\t<a href='http:\/\/lubsza.org\/wp-content\/uploads\/2014\/11\/cichowski-001.jpg' rel=\"lightbox[2693]\"><img loading=\"lazy\" decoding=\"async\" width=\"150\" height=\"150\" src=\"http:\/\/lubsza.org\/wp-content\/uploads\/2014\/11\/cichowski-001-150x150.jpg\" class=\"attachment-thumbnail size-thumbnail\" alt=\"\" aria-describedby=\"gallery-1-2670\" \/><\/a>\n\t\t\t<\/div>\n\t\t\t\t<figcaption class='wp-caption-text gallery-caption' id='gallery-1-2670'>\n\t\t\t\tBurmistrz Miasta i Gminy Wo\u017aniki\n\t\t\t\t<\/figcaption><\/figure>\n\t\t<\/div>\n\n<p><em>(AK)<br \/>\n\u0179r\u00f3d\u0142o: www.lubliniec.naszemiasto.pl<br \/>\n<a href=\"http:\/\/www.bip.wozniki.pl\/files\/sites\/3137\/wiadomosci\/245840\/files\/protokol_wynikow_glosowania_i_wynikow_wyborow_burmistrza_woznik.pdf\" target=\"_blank\">Protok\u00f3\u0142 Miejsko-Gminnej Komisji Wyborczej w Wo\u017anikach &#8211; wyniki wybor\u00f3w na burmistrza<\/a><br \/>\n<a href=\"http:\/\/www.bip.wozniki.pl\/files\/sites\/3137\/wiadomosci\/245841\/files\/protokol_z_wyborow_do_rady_miejskiej.pdf\" target=\"_blank\"><em>Protok\u00f3\u0142 Miejsko-Gminnej Komisji Wyborczej w Wo\u017anikach<\/em> &#8211; wyniki wybor\u00f3w do Rady Miejskiej w Wo\u017anikach<\/a><br \/>\n<\/em><\/p>\n","protected":false},"excerpt":{"rendered":"<p>Wci\u0105\u017c czekamy na oficjalne wyniki wybor\u00f3w samorz\u0105dowych, kt\u00f3re odby\u0142y si\u0119 16 listopada br. Jednak znamy ju\u017c sk\u0142ad Rady Miejskiej w Wo\u017anikach oraz nazwisko burmistrza na najbli\u017csz\u0105 kadencj\u0119. Niewielk\u0105 liczb\u0105 g\u0142os\u00f3w (48) wygra\u0142 dotychczasowy burmistrz Miasta i Gminy Wo\u017aniki, Alojzy Cichowski.<\/p>\n","protected":false},"author":1,"featured_media":0,"comment_status":"closed","ping_status":"open","sticky":false,"template":"","format":"standard","meta":{"footnotes":""},"categories":[23,1],"tags":[],"class_list":["post-2693","post","type-post","status-publish","format-standard","hentry","category-aktualnosci","category-bez-kategorii"],"_links":{"self":[{"href":"http:\/\/lubsza.org\/index.php?rest_route=\/wp\/v2\/posts\/2693","targetHints":{"allow":["GET"]}}],"collection":[{"href":"http:\/\/lubsza.org\/index.php?rest_route=\/wp\/v2\/posts"}],"about":[{"href":"http:\/\/lubsza.org\/index.php?rest_route=\/wp\/v2\/types\/post"}],"author":[{"embeddable":true,"href":"http:\/\/lubsza.org\/index.php?rest_route=\/wp\/v2\/users\/1"}],"replies":[{"embeddable":true,"href":"http:\/\/lubsza.org\/index.php?rest_route=%2Fwp%2Fv2%2Fcomments&post=2693"}],"version-history":[{"count":15,"href":"http:\/\/lubsza.org\/index.php?rest_route=\/wp\/v2\/posts\/2693\/revisions"}],"predecessor-version":[{"id":2727,"href":"http:\/\/lubsza.org\/index.php?rest_route=\/wp\/v2\/posts\/2693\/revisions\/2727"}],"wp:attachment":[{"href":"http:\/\/lubsza.org\/index.php?rest_route=%2Fwp%2Fv2%2Fmedia&parent=2693"}],"wp:term":[{"taxonomy":"category","embeddable":true,"href":"http:\/\/lubsza.org\/index.php?rest_route=%2Fwp%2Fv2%2Fcategories&post=2693"},{"taxonomy":"post_tag","embeddable":true,"href":"http:\/\/lubsza.org\/index.php?rest_route=%2Fwp%2Fv2%2Ftags&post=2693"}],"curies":[{"name":"wp","href":"https:\/\/api.w.org\/{rel}","templated":true}]}}