{"id":9279,"date":"2023-06-12T08:57:37","date_gmt":"2023-06-12T06:57:37","guid":{"rendered":"http:\/\/lubsza.org\/?p=9279"},"modified":"2023-06-23T09:18:15","modified_gmt":"2023-06-23T07:18:15","slug":"badz-jak-jakub-promocja-drogi-jakubowej-nabor-mlodziezy","status":"publish","type":"post","link":"http:\/\/lubsza.org\/?p=9279","title":{"rendered":"\u201eB\u0105d\u017a jak Jakub-promocja drogi jakubowej\u201d &#8211; nab\u00f3r m\u0142odzie\u017cy"},"content":{"rendered":"<p style=\"font-weight: 400\">Stowarzyszenie Mi\u0142o\u015bnik\u00f3w Ziemi Lubszeckiej realizuje projekt:<br \/>\n\u201eB\u0105d\u017a jak Jakub \u2013 promocja drogi jakubowej\u201d.<\/p>\n<p style=\"font-weight: 400\">W zwi\u0105zku z tym zostaje og\u0142oszony nab\u00f3r m\u0142odzie\u017cy do 25 roku \u017cycia.<br \/>\nZainteresowane osoby mog\u0105 si\u0119 zg\u0142asza\u0107 na dane kontaktowe stowarzyszenia.<\/p>\n<p style=\"font-weight: 400\">Spotkanie odb\u0119dzie w czwartek <strong>15 czerwca 2023<\/strong> <strong>o godz. 18.30<\/strong> w budynku szko\u0142y. Zapraszamy wszystkich ch\u0119tnych.<\/p>\n<p>&nbsp;<\/p>\n<p>&nbsp;<\/p>\n<p>&nbsp;<\/p>\n<p><img loading=\"lazy\" decoding=\"async\" class=\"alignnone size-large wp-image-9419\" src=\"http:\/\/lubsza.org\/wp-content\/uploads\/2023\/05\/Droga-Jakubowa_logo-1024x239.png\" alt=\"\" width=\"604\" height=\"141\" srcset=\"http:\/\/lubsza.org\/wp-content\/uploads\/2023\/05\/Droga-Jakubowa_logo-1024x239.png 1024w, http:\/\/lubsza.org\/wp-content\/uploads\/2023\/05\/Droga-Jakubowa_logo-200x47.png 200w, http:\/\/lubsza.org\/wp-content\/uploads\/2023\/05\/Droga-Jakubowa_logo-768x179.png 768w, http:\/\/lubsza.org\/wp-content\/uploads\/2023\/05\/Droga-Jakubowa_logo-1536x359.png 1536w, http:\/\/lubsza.org\/wp-content\/uploads\/2023\/05\/Droga-Jakubowa_logo-2048x478.png 2048w\" sizes=\"auto, (max-width: 604px) 100vw, 604px\" \/><\/p>\n","protected":false},"excerpt":{"rendered":"<p>Stowarzyszenie Mi\u0142o\u015bnik\u00f3w Ziemi Lubszeckiej realizuje projekt: \u201eB\u0105d\u017a jak Jakub \u2013 promocja drogi jakubowej\u201d. W zwi\u0105zku z tym zostaje og\u0142oszony nab\u00f3r m\u0142odzie\u017cy do 25 roku \u017cycia. Zainteresowane osoby mog\u0105 si\u0119 zg\u0142asza\u0107 na dane kontaktowe stowarzyszenia. Spotkanie odb\u0119dzie w czwartek 15 czerwca 2023 o godz. 18.30 w budynku szko\u0142y. Zapraszamy wszystkich ch\u0119tnych. &nbsp; &nbsp; &nbsp;<\/p>\n","protected":false},"author":2,"featured_media":0,"comment_status":"closed","ping_status":"open","sticky":false,"template":"","format":"standard","meta":{"footnotes":""},"categories":[51,60],"tags":[],"class_list":["post-9279","post","type-post","status-publish","format-standard","hentry","category-projekty","category-projekty-badz-jak-jakub-promocja-drogi-jakubowej"],"_links":{"self":[{"href":"http:\/\/lubsza.org\/index.php?rest_route=\/wp\/v2\/posts\/9279","targetHints":{"allow":["GET"]}}],"collection":[{"href":"http:\/\/lubsza.org\/index.php?rest_route=\/wp\/v2\/posts"}],"about":[{"href":"http:\/\/lubsza.org\/index.php?rest_route=\/wp\/v2\/types\/post"}],"author":[{"embeddable":true,"href":"http:\/\/lubsza.org\/index.php?rest_route=\/wp\/v2\/users\/2"}],"replies":[{"embeddable":true,"href":"http:\/\/lubsza.org\/index.php?rest_route=%2Fwp%2Fv2%2Fcomments&post=9279"}],"version-history":[{"count":4,"href":"http:\/\/lubsza.org\/index.php?rest_route=\/wp\/v2\/posts\/9279\/revisions"}],"predecessor-version":[{"id":9424,"href":"http:\/\/lubsza.org\/index.php?rest_route=\/wp\/v2\/posts\/9279\/revisions\/9424"}],"wp:attachment":[{"href":"http:\/\/lubsza.org\/index.php?rest_route=%2Fwp%2Fv2%2Fmedia&parent=9279"}],"wp:term":[{"taxonomy":"category","embeddable":true,"href":"http:\/\/lubsza.org\/index.php?rest_route=%2Fwp%2Fv2%2Fcategories&post=9279"},{"taxonomy":"post_tag","embeddable":true,"href":"http:\/\/lubsza.org\/index.php?rest_route=%2Fwp%2Fv2%2Ftags&post=9279"}],"curies":[{"name":"wp","href":"https:\/\/api.w.org\/{rel}","templated":true}]}}