{"id":9299,"date":"2023-06-19T15:56:46","date_gmt":"2023-06-19T13:56:46","guid":{"rendered":"http:\/\/lubsza.org\/?p=9299"},"modified":"2023-07-03T22:55:55","modified_gmt":"2023-07-03T20:55:55","slug":"laka-kwietna-zmieniamy-jakosc-naszego-zycia","status":"publish","type":"post","link":"http:\/\/lubsza.org\/?p=9299","title":{"rendered":"\u0141\u0105ka kwietna &#8211; zmieniamy jako\u015b\u0107 naszego \u017cycia"},"content":{"rendered":"<p style=\"text-align: left\"><img loading=\"lazy\" decoding=\"async\" class=\"wp-image-9415 alignright\" src=\"http:\/\/lubsza.org\/wp-content\/uploads\/2023\/06\/ST_Laka-kwietna_05.2023-25.jpg\" alt=\"\" width=\"266\" height=\"177\" srcset=\"http:\/\/lubsza.org\/wp-content\/uploads\/2023\/06\/ST_Laka-kwietna_05.2023-25.jpg 1000w, http:\/\/lubsza.org\/wp-content\/uploads\/2023\/06\/ST_Laka-kwietna_05.2023-25-200x133.jpg 200w, http:\/\/lubsza.org\/wp-content\/uploads\/2023\/06\/ST_Laka-kwietna_05.2023-25-768x511.jpg 768w\" sizes=\"auto, (max-width: 266px) 100vw, 266px\" \/>Przestrze\u0144, spok\u00f3j, mentalny odpoczynek, ten zapach i te wspania\u0142e kolory\u2026<\/p>\n<p style=\"text-align: left\">Czy w\u0142a\u015bnie to kojarzy Wam si\u0119 z \u0142\u0105k\u0105 kwietn\u0105?<\/p>\n<p style=\"text-align: left\">Ju\u017c niebawem b\u0119dziecie mogli do\u015bwiadczy\u0107 tych wra\u017ce\u0144, poniewa\u017c w dniu 27 maja 2023 roku, grupa ch\u0119tnych os\u00f3b doros\u0142ych i dzieci wykorzystuj\u0105c swoje si\u0142y i umiej\u0119tno\u015bci stworzy\u0142a \u0142\u0105k\u0119 kwietn\u0105, kt\u00f3ra jest zlokalizowana na terenie naszej szko\u0142y, przed sal\u0105 gimnastyczn\u0105.<\/p>\n<p><!--more--><\/p>\n<p style=\"text-align: left\">Przygotowanie pod\u0142o\u017ca pod siew by\u0142o pracoch\u0142onne. Ka\u017cdy dawa\u0142 z siebie wszystko pracuj\u0105c sprz\u0119tem ogrodniczym, jak r\u00f3wnie\u017c w\u0142asnymi r\u0119kami. Z gleby zosta\u0142y wyplewione chwasty, kamienie zosta\u0142y usuni\u0119te, wierzchnia warstwa pod\u0142o\u017ca zosta\u0142a intensywnie przegrabiona, po to, by na tak przygotowanym terenie przeprowadzi\u0107 r\u0119cznie wysiew zakupionych nasion polnych i \u0142\u0105kowych kwiat\u00f3w. Wi\u0119ksze ro\u015bliny zosta\u0142y wkopane bezpo\u015brednio do gruntu.<\/p>\n<p style=\"text-align: left\">Na efekty musimy jeszcze poczeka\u0107, ale ju\u017c zrobili\u015bmy krok do zmiany jako\u015bci naszego \u017cycia jak i \u017cycia ma\u0142ych stworze\u0144 dla kt\u00f3rych ta \u0142\u0105ka kwietna b\u0119dzie miejscem po\u017cywienia i schronienia.<\/p>\n<p style=\"text-align: left\">Wszystkim dzi\u0119kujemy za udzia\u0142.<\/p>\n<p>&nbsp;<\/p>\n<p style=\"text-align: left\"><img loading=\"lazy\" decoding=\"async\" class=\"alignnone size-large wp-image-9417\" src=\"http:\/\/lubsza.org\/wp-content\/uploads\/2023\/05\/Szukamy-tlenu_logo-1024x269.png\" alt=\"\" width=\"604\" height=\"159\" \/><\/p>\n<p>&nbsp;<\/p>\n<div id='gallery-1' class='gallery galleryid-9299 gallery-columns-3 gallery-size-thumbnail'><figure class='gallery-item'>\n\t\t\t<div class='gallery-icon portrait'>\n\t\t\t\t<a href='http:\/\/lubsza.org\/wp-content\/uploads\/2023\/06\/ST_Laka-kwietna_05.2023-1.jpg' rel=\"lightbox[9299]\"><img loading=\"lazy\" decoding=\"async\" width=\"150\" height=\"150\" src=\"http:\/\/lubsza.org\/wp-content\/uploads\/2023\/06\/ST_Laka-kwietna_05.2023-1-150x150.jpg\" class=\"attachment-thumbnail size-thumbnail\" alt=\"\" \/><\/a>\n\t\t\t<\/div><\/figure><figure class='gallery-item'>\n\t\t\t<div class='gallery-icon landscape'>\n\t\t\t\t<a href='http:\/\/lubsza.org\/wp-content\/uploads\/2023\/06\/ST_Laka-kwietna_05.2023-2.jpg' rel=\"lightbox[9299]\"><img loading=\"lazy\" decoding=\"async\" width=\"150\" height=\"150\" src=\"http:\/\/lubsza.org\/wp-content\/uploads\/2023\/06\/ST_Laka-kwietna_05.2023-2-150x150.jpg\" class=\"attachment-thumbnail size-thumbnail\" alt=\"\" \/><\/a>\n\t\t\t<\/div><\/figure><figure class='gallery-item'>\n\t\t\t<div class='gallery-icon portrait'>\n\t\t\t\t<a href='http:\/\/lubsza.org\/wp-content\/uploads\/2023\/06\/ST_Laka-kwietna_05.2023-3.jpg' rel=\"lightbox[9299]\"><img loading=\"lazy\" decoding=\"async\" width=\"150\" height=\"150\" src=\"http:\/\/lubsza.org\/wp-content\/uploads\/2023\/06\/ST_Laka-kwietna_05.2023-3-150x150.jpg\" class=\"attachment-thumbnail size-thumbnail\" alt=\"\" \/><\/a>\n\t\t\t<\/div><\/figure><figure class='gallery-item'>\n\t\t\t<div class='gallery-icon portrait'>\n\t\t\t\t<a href='http:\/\/lubsza.org\/wp-content\/uploads\/2023\/06\/ST_Laka-kwietna_05.2023-4.jpg' rel=\"lightbox[9299]\"><img loading=\"lazy\" decoding=\"async\" width=\"150\" height=\"150\" src=\"http:\/\/lubsza.org\/wp-content\/uploads\/2023\/06\/ST_Laka-kwietna_05.2023-4-150x150.jpg\" class=\"attachment-thumbnail size-thumbnail\" alt=\"\" \/><\/a>\n\t\t\t<\/div><\/figure><figure class='gallery-item'>\n\t\t\t<div class='gallery-icon landscape'>\n\t\t\t\t<a href='http:\/\/lubsza.org\/wp-content\/uploads\/2023\/06\/ST_Laka-kwietna_05.2023-5.jpg' rel=\"lightbox[9299]\"><img loading=\"lazy\" decoding=\"async\" width=\"150\" height=\"150\" src=\"http:\/\/lubsza.org\/wp-content\/uploads\/2023\/06\/ST_Laka-kwietna_05.2023-5-150x150.jpg\" class=\"attachment-thumbnail size-thumbnail\" alt=\"\" \/><\/a>\n\t\t\t<\/div><\/figure><figure class='gallery-item'>\n\t\t\t<div class='gallery-icon landscape'>\n\t\t\t\t<a href='http:\/\/lubsza.org\/wp-content\/uploads\/2023\/06\/ST_Laka-kwietna_05.2023-6.jpg' rel=\"lightbox[9299]\"><img loading=\"lazy\" decoding=\"async\" width=\"150\" height=\"150\" src=\"http:\/\/lubsza.org\/wp-content\/uploads\/2023\/06\/ST_Laka-kwietna_05.2023-6-150x150.jpg\" class=\"attachment-thumbnail size-thumbnail\" alt=\"\" \/><\/a>\n\t\t\t<\/div><\/figure><figure class='gallery-item'>\n\t\t\t<div class='gallery-icon landscape'>\n\t\t\t\t<a href='http:\/\/lubsza.org\/wp-content\/uploads\/2023\/06\/ST_Laka-kwietna_05.2023-7.jpg' rel=\"lightbox[9299]\"><img loading=\"lazy\" decoding=\"async\" width=\"150\" height=\"150\" src=\"http:\/\/lubsza.org\/wp-content\/uploads\/2023\/06\/ST_Laka-kwietna_05.2023-7-150x150.jpg\" class=\"attachment-thumbnail size-thumbnail\" alt=\"\" \/><\/a>\n\t\t\t<\/div><\/figure><figure class='gallery-item'>\n\t\t\t<div class='gallery-icon portrait'>\n\t\t\t\t<a href='http:\/\/lubsza.org\/wp-content\/uploads\/2023\/06\/ST_Laka-kwietna_05.2023-8.jpg' rel=\"lightbox[9299]\"><img loading=\"lazy\" decoding=\"async\" width=\"150\" height=\"150\" src=\"http:\/\/lubsza.org\/wp-content\/uploads\/2023\/06\/ST_Laka-kwietna_05.2023-8-150x150.jpg\" class=\"attachment-thumbnail size-thumbnail\" alt=\"\" \/><\/a>\n\t\t\t<\/div><\/figure><figure class='gallery-item'>\n\t\t\t<div class='gallery-icon landscape'>\n\t\t\t\t<a href='http:\/\/lubsza.org\/wp-content\/uploads\/2023\/06\/ST_Laka-kwietna_05.2023-9.jpg' rel=\"lightbox[9299]\"><img loading=\"lazy\" decoding=\"async\" width=\"150\" height=\"150\" src=\"http:\/\/lubsza.org\/wp-content\/uploads\/2023\/06\/ST_Laka-kwietna_05.2023-9-150x150.jpg\" class=\"attachment-thumbnail size-thumbnail\" alt=\"\" \/><\/a>\n\t\t\t<\/div><\/figure><figure class='gallery-item'>\n\t\t\t<div class='gallery-icon landscape'>\n\t\t\t\t<a href='http:\/\/lubsza.org\/wp-content\/uploads\/2023\/06\/ST_Laka-kwietna_05.2023-10.jpg' rel=\"lightbox[9299]\"><img loading=\"lazy\" decoding=\"async\" width=\"150\" height=\"150\" src=\"http:\/\/lubsza.org\/wp-content\/uploads\/2023\/06\/ST_Laka-kwietna_05.2023-10-150x150.jpg\" class=\"attachment-thumbnail size-thumbnail\" alt=\"\" \/><\/a>\n\t\t\t<\/div><\/figure><figure class='gallery-item'>\n\t\t\t<div class='gallery-icon landscape'>\n\t\t\t\t<a href='http:\/\/lubsza.org\/wp-content\/uploads\/2023\/06\/ST_Laka-kwietna_05.2023-11.jpg' rel=\"lightbox[9299]\"><img loading=\"lazy\" decoding=\"async\" width=\"150\" height=\"150\" src=\"http:\/\/lubsza.org\/wp-content\/uploads\/2023\/06\/ST_Laka-kwietna_05.2023-11-150x150.jpg\" class=\"attachment-thumbnail size-thumbnail\" alt=\"\" \/><\/a>\n\t\t\t<\/div><\/figure><figure class='gallery-item'>\n\t\t\t<div class='gallery-icon portrait'>\n\t\t\t\t<a href='http:\/\/lubsza.org\/wp-content\/uploads\/2023\/06\/ST_Laka-kwietna_05.2023-12.jpg' rel=\"lightbox[9299]\"><img loading=\"lazy\" decoding=\"async\" width=\"150\" height=\"150\" src=\"http:\/\/lubsza.org\/wp-content\/uploads\/2023\/06\/ST_Laka-kwietna_05.2023-12-150x150.jpg\" class=\"attachment-thumbnail size-thumbnail\" alt=\"\" \/><\/a>\n\t\t\t<\/div><\/figure><figure class='gallery-item'>\n\t\t\t<div class='gallery-icon landscape'>\n\t\t\t\t<a href='http:\/\/lubsza.org\/wp-content\/uploads\/2023\/06\/ST_Laka-kwietna_05.2023-13.jpg' rel=\"lightbox[9299]\"><img loading=\"lazy\" decoding=\"async\" width=\"150\" height=\"150\" src=\"http:\/\/lubsza.org\/wp-content\/uploads\/2023\/06\/ST_Laka-kwietna_05.2023-13-150x150.jpg\" class=\"attachment-thumbnail size-thumbnail\" alt=\"\" \/><\/a>\n\t\t\t<\/div><\/figure><figure class='gallery-item'>\n\t\t\t<div class='gallery-icon landscape'>\n\t\t\t\t<a href='http:\/\/lubsza.org\/wp-content\/uploads\/2023\/06\/ST_Laka-kwietna_05.2023-14.jpg' rel=\"lightbox[9299]\"><img loading=\"lazy\" decoding=\"async\" width=\"150\" height=\"150\" src=\"http:\/\/lubsza.org\/wp-content\/uploads\/2023\/06\/ST_Laka-kwietna_05.2023-14-150x150.jpg\" class=\"attachment-thumbnail size-thumbnail\" alt=\"\" \/><\/a>\n\t\t\t<\/div><\/figure><figure class='gallery-item'>\n\t\t\t<div class='gallery-icon portrait'>\n\t\t\t\t<a href='http:\/\/lubsza.org\/wp-content\/uploads\/2023\/06\/ST_Laka-kwietna_05.2023-15.jpg' rel=\"lightbox[9299]\"><img loading=\"lazy\" decoding=\"async\" width=\"150\" height=\"150\" src=\"http:\/\/lubsza.org\/wp-content\/uploads\/2023\/06\/ST_Laka-kwietna_05.2023-15-150x150.jpg\" class=\"attachment-thumbnail size-thumbnail\" alt=\"\" \/><\/a>\n\t\t\t<\/div><\/figure><figure class='gallery-item'>\n\t\t\t<div class='gallery-icon landscape'>\n\t\t\t\t<a href='http:\/\/lubsza.org\/wp-content\/uploads\/2023\/06\/ST_Laka-kwietna_05.2023-16.jpg' rel=\"lightbox[9299]\"><img loading=\"lazy\" decoding=\"async\" width=\"150\" height=\"150\" src=\"http:\/\/lubsza.org\/wp-content\/uploads\/2023\/06\/ST_Laka-kwietna_05.2023-16-150x150.jpg\" class=\"attachment-thumbnail size-thumbnail\" alt=\"\" \/><\/a>\n\t\t\t<\/div><\/figure><figure class='gallery-item'>\n\t\t\t<div class='gallery-icon landscape'>\n\t\t\t\t<a href='http:\/\/lubsza.org\/wp-content\/uploads\/2023\/06\/ST_Laka-kwietna_05.2023-17.jpg' rel=\"lightbox[9299]\"><img loading=\"lazy\" decoding=\"async\" width=\"150\" height=\"150\" src=\"http:\/\/lubsza.org\/wp-content\/uploads\/2023\/06\/ST_Laka-kwietna_05.2023-17-150x150.jpg\" class=\"attachment-thumbnail size-thumbnail\" alt=\"\" \/><\/a>\n\t\t\t<\/div><\/figure><figure class='gallery-item'>\n\t\t\t<div class='gallery-icon portrait'>\n\t\t\t\t<a href='http:\/\/lubsza.org\/wp-content\/uploads\/2023\/06\/ST_Laka-kwietna_05.2023-18.jpg' rel=\"lightbox[9299]\"><img loading=\"lazy\" decoding=\"async\" width=\"150\" height=\"150\" src=\"http:\/\/lubsza.org\/wp-content\/uploads\/2023\/06\/ST_Laka-kwietna_05.2023-18-150x150.jpg\" class=\"attachment-thumbnail size-thumbnail\" alt=\"\" \/><\/a>\n\t\t\t<\/div><\/figure><figure class='gallery-item'>\n\t\t\t<div class='gallery-icon landscape'>\n\t\t\t\t<a href='http:\/\/lubsza.org\/wp-content\/uploads\/2023\/06\/ST_Laka-kwietna_05.2023-19.jpg' rel=\"lightbox[9299]\"><img loading=\"lazy\" decoding=\"async\" width=\"150\" height=\"150\" src=\"http:\/\/lubsza.org\/wp-content\/uploads\/2023\/06\/ST_Laka-kwietna_05.2023-19-150x150.jpg\" class=\"attachment-thumbnail size-thumbnail\" alt=\"\" \/><\/a>\n\t\t\t<\/div><\/figure><figure class='gallery-item'>\n\t\t\t<div class='gallery-icon landscape'>\n\t\t\t\t<a href='http:\/\/lubsza.org\/wp-content\/uploads\/2023\/06\/ST_Laka-kwietna_05.2023-20.jpg' rel=\"lightbox[9299]\"><img loading=\"lazy\" decoding=\"async\" width=\"150\" height=\"150\" src=\"http:\/\/lubsza.org\/wp-content\/uploads\/2023\/06\/ST_Laka-kwietna_05.2023-20-150x150.jpg\" class=\"attachment-thumbnail size-thumbnail\" alt=\"\" \/><\/a>\n\t\t\t<\/div><\/figure><figure class='gallery-item'>\n\t\t\t<div class='gallery-icon landscape'>\n\t\t\t\t<a href='http:\/\/lubsza.org\/wp-content\/uploads\/2023\/06\/ST_Laka-kwietna_05.2023-21.jpg' rel=\"lightbox[9299]\"><img loading=\"lazy\" decoding=\"async\" width=\"150\" height=\"150\" src=\"http:\/\/lubsza.org\/wp-content\/uploads\/2023\/06\/ST_Laka-kwietna_05.2023-21-150x150.jpg\" class=\"attachment-thumbnail size-thumbnail\" alt=\"\" \/><\/a>\n\t\t\t<\/div><\/figure><figure class='gallery-item'>\n\t\t\t<div class='gallery-icon landscape'>\n\t\t\t\t<a href='http:\/\/lubsza.org\/wp-content\/uploads\/2023\/06\/ST_Laka-kwietna_05.2023-22.jpg' rel=\"lightbox[9299]\"><img loading=\"lazy\" decoding=\"async\" width=\"150\" height=\"150\" src=\"http:\/\/lubsza.org\/wp-content\/uploads\/2023\/06\/ST_Laka-kwietna_05.2023-22-150x150.jpg\" class=\"attachment-thumbnail size-thumbnail\" alt=\"\" \/><\/a>\n\t\t\t<\/div><\/figure><figure class='gallery-item'>\n\t\t\t<div class='gallery-icon landscape'>\n\t\t\t\t<a href='http:\/\/lubsza.org\/wp-content\/uploads\/2023\/06\/ST_Laka-kwietna_05.2023-23.jpg' rel=\"lightbox[9299]\"><img loading=\"lazy\" decoding=\"async\" width=\"150\" height=\"150\" src=\"http:\/\/lubsza.org\/wp-content\/uploads\/2023\/06\/ST_Laka-kwietna_05.2023-23-150x150.jpg\" class=\"attachment-thumbnail size-thumbnail\" alt=\"\" \/><\/a>\n\t\t\t<\/div><\/figure><figure class='gallery-item'>\n\t\t\t<div class='gallery-icon landscape'>\n\t\t\t\t<a href='http:\/\/lubsza.org\/wp-content\/uploads\/2023\/06\/ST_Laka-kwietna_05.2023-24.jpg' rel=\"lightbox[9299]\"><img loading=\"lazy\" decoding=\"async\" width=\"150\" height=\"150\" src=\"http:\/\/lubsza.org\/wp-content\/uploads\/2023\/06\/ST_Laka-kwietna_05.2023-24-150x150.jpg\" class=\"attachment-thumbnail size-thumbnail\" alt=\"\" \/><\/a>\n\t\t\t<\/div><\/figure><figure class='gallery-item'>\n\t\t\t<div class='gallery-icon landscape'>\n\t\t\t\t<a href='http:\/\/lubsza.org\/wp-content\/uploads\/2023\/06\/ST_Laka-kwietna_05.2023-25.jpg' rel=\"lightbox[9299]\"><img loading=\"lazy\" decoding=\"async\" width=\"150\" height=\"150\" src=\"http:\/\/lubsza.org\/wp-content\/uploads\/2023\/06\/ST_Laka-kwietna_05.2023-25-150x150.jpg\" class=\"attachment-thumbnail size-thumbnail\" alt=\"\" \/><\/a>\n\t\t\t<\/div><\/figure><figure class='gallery-item'>\n\t\t\t<div class='gallery-icon landscape'>\n\t\t\t\t<a href='http:\/\/lubsza.org\/wp-content\/uploads\/2023\/06\/Laka-kwietna_ST-.jpg' rel=\"lightbox[9299]\"><img loading=\"lazy\" decoding=\"async\" width=\"150\" height=\"150\" src=\"http:\/\/lubsza.org\/wp-content\/uploads\/2023\/06\/Laka-kwietna_ST--150x150.jpg\" class=\"attachment-thumbnail size-thumbnail\" alt=\"\" \/><\/a>\n\t\t\t<\/div><\/figure>\n\t\t<\/div>\n\n<p style=\"text-align: left\">\n","protected":false},"excerpt":{"rendered":"<p>Przestrze\u0144, spok\u00f3j, mentalny odpoczynek, ten zapach i te wspania\u0142e kolory\u2026 Czy w\u0142a\u015bnie to kojarzy Wam si\u0119 z \u0142\u0105k\u0105 kwietn\u0105? Ju\u017c niebawem b\u0119dziecie mogli do\u015bwiadczy\u0107 tych wra\u017ce\u0144, poniewa\u017c w dniu 27 maja 2023 roku, grupa ch\u0119tnych os\u00f3b doros\u0142ych i dzieci wykorzystuj\u0105c swoje si\u0142y i umiej\u0119tno\u015bci stworzy\u0142a \u0142\u0105k\u0119 kwietn\u0105, kt\u00f3ra jest zlokalizowana na terenie naszej szko\u0142y, przed &hellip; <a href=\"http:\/\/lubsza.org\/?p=9299\" class=\"more-link\">Czytaj dalej <span class=\"screen-reader-text\">\u0141\u0105ka kwietna &#8211; zmieniamy jako\u015b\u0107 naszego \u017cycia<\/span> <span class=\"meta-nav\">&rarr;<\/span><\/a><\/p>\n","protected":false},"author":2,"featured_media":0,"comment_status":"closed","ping_status":"open","sticky":false,"template":"","format":"standard","meta":{"footnotes":""},"categories":[61],"tags":[],"class_list":["post-9299","post","type-post","status-publish","format-standard","hentry","category-projekty-szukamy-tlenu"],"_links":{"self":[{"href":"http:\/\/lubsza.org\/index.php?rest_route=\/wp\/v2\/posts\/9299","targetHints":{"allow":["GET"]}}],"collection":[{"href":"http:\/\/lubsza.org\/index.php?rest_route=\/wp\/v2\/posts"}],"about":[{"href":"http:\/\/lubsza.org\/index.php?rest_route=\/wp\/v2\/types\/post"}],"author":[{"embeddable":true,"href":"http:\/\/lubsza.org\/index.php?rest_route=\/wp\/v2\/users\/2"}],"replies":[{"embeddable":true,"href":"http:\/\/lubsza.org\/index.php?rest_route=%2Fwp%2Fv2%2Fcomments&post=9299"}],"version-history":[{"count":12,"href":"http:\/\/lubsza.org\/index.php?rest_route=\/wp\/v2\/posts\/9299\/revisions"}],"predecessor-version":[{"id":9533,"href":"http:\/\/lubsza.org\/index.php?rest_route=\/wp\/v2\/posts\/9299\/revisions\/9533"}],"wp:attachment":[{"href":"http:\/\/lubsza.org\/index.php?rest_route=%2Fwp%2Fv2%2Fmedia&parent=9299"}],"wp:term":[{"taxonomy":"category","embeddable":true,"href":"http:\/\/lubsza.org\/index.php?rest_route=%2Fwp%2Fv2%2Fcategories&post=9299"},{"taxonomy":"post_tag","embeddable":true,"href":"http:\/\/lubsza.org\/index.php?rest_route=%2Fwp%2Fv2%2Ftags&post=9299"}],"curies":[{"name":"wp","href":"https:\/\/api.w.org\/{rel}","templated":true}]}}