{"id":9444,"date":"2023-06-14T21:12:55","date_gmt":"2023-06-14T19:12:55","guid":{"rendered":"http:\/\/lubsza.org\/?p=9444"},"modified":"2023-07-03T22:57:27","modified_gmt":"2023-07-03T20:57:27","slug":"szukamy-tlenu-warsztaty-przyrodnicze-pt-zycie-pszczol","status":"publish","type":"post","link":"http:\/\/lubsza.org\/?p=9444","title":{"rendered":"\u201eSzukamy tlenu\u201d \u2013 warsztaty przyrodnicze pt. \u017bycie pszcz\u00f3\u0142"},"content":{"rendered":"<p><span style=\"font-weight: 400\"><img loading=\"lazy\" decoding=\"async\" class=\"wp-image-9447 alignright\" src=\"http:\/\/lubsza.org\/wp-content\/uploads\/2023\/07\/ST_Pszczoly_003.jpg\" alt=\"\" width=\"281\" height=\"211\" srcset=\"http:\/\/lubsza.org\/wp-content\/uploads\/2023\/07\/ST_Pszczoly_003.jpg 1000w, http:\/\/lubsza.org\/wp-content\/uploads\/2023\/07\/ST_Pszczoly_003-200x150.jpg 200w, http:\/\/lubsza.org\/wp-content\/uploads\/2023\/07\/ST_Pszczoly_003-768x576.jpg 768w\" sizes=\"auto, (max-width: 281px) 100vw, 281px\" \/>W dniach 12-13 czerwca 2023 roku odby\u0142y si\u0119 warsztaty pt. \u017bycie pszcz\u00f3\u0142, prowadzone przez Pana Czes\u0142awa Tyrola i cz\u0142onk\u00f3w Stowarzyszenia Mi\u0142o\u015bnik\u00f3w Ziemi Lubszeckiej. Pszczo\u0142y pe\u0142ni\u0105 kluczow\u0105 rol\u0119 w przyrodzie. Ich praca przynosi obop\u00f3lne korzy\u015bci zar\u00f3wno ludziom jak i zwierz\u0119tom, kt\u00f3re \u017cywi\u0105 si\u0119 owocami ro\u015blin, powsta\u0142ym dzi\u0119ki zapyleniu przez pszczo\u0142y.\u00a0<\/span><\/p>\n<p><!--more--><\/p>\n<p><span style=\"font-weight: 400\">Polsk\u0119 zamieszkuje oko\u0142o 470 gatunk\u00f3w tych pracowitych zwierz\u0105t, a tylko pszczo\u0142a miodna, posiada umiej\u0119tno\u015b\u0107 produkowania miodu. Najwi\u0119kszym zagro\u017ceniem dla tych owad\u00f3w jest brak po\u017cywienia. Niestety nie wszystkie ro\u015bliny zapewniaj\u0105 pszczo\u0142om pokarm. G\u0142\u00f3wnym zadaniem, kt\u00f3re przed nami stoi, to zwi\u0119kszenie lokalnej bazy pokarmowej dla pszcz\u00f3\u0142, czyli posadzenie odpowiednich kwiat\u00f3w.<\/span><\/p>\n<p><span style=\"font-weight: 400\">Na warsztatach zdefiniowano potrzeby lokalnej spo\u0142eczno\u015bci i \u015brodowiska przyrodniczego. S\u0105 nimi:<\/span><\/p>\n<ul>\n<li style=\"font-weight: 400\"><span style=\"font-weight: 400\">poznanie r\u00f3\u017cnorodno\u015bci i bogactwa gatunk\u00f3w pszcz\u00f3\u0142 w Polsce (m.in.: trzmiele, porobnice, lepiarki, makatki, murarki i wiele innych),<\/span><\/li>\n<\/ul>\n<ul>\n<li style=\"font-weight: 400\"><span style=\"font-weight: 400\">zaanga\u017cowanie spo\u0142eczno\u015bci lokalnych w sadzenie kwiat\u00f3w przyjaznych pszczo\u0142om poprzez aktywizowanie r\u00f3\u017cnych grup spo\u0142ecznych, budowanie lokalnych partnerstw, nawi\u0105zywanie wsp\u00f3\u0142pracy,<\/span><\/li>\n<\/ul>\n<ul>\n<li style=\"font-weight: 400\"><span style=\"font-weight: 400\">poszerzanie wiedzy odbiorc\u00f3w o kwiatach przyjaznych pszczo\u0142om (gatunki, terminy kwitnienia, itd.), kszta\u0142towanie postaw i \u015bwiadomo\u015bci ekologicznej senior\u00f3w, doros\u0142ych, m\u0142odzie\u017cy i dzieci, zw\u0142aszcza w obszarze ochrony pszcz\u00f3\u0142 i zapewniania im bazy pokarmowej (kwiat\u00f3w przyjaznych pszczo\u0142om),<\/span><\/li>\n<\/ul>\n<ul>\n<li style=\"font-weight: 400\"><span style=\"font-weight: 400\">wsp\u00f3lna praca na rzecz \u015brodowiska lokalnego,<\/span><\/li>\n<li style=\"font-weight: 400\"><span style=\"font-weight: 400\">wsp\u00f3lne sp\u0119dzanie czasu wolnego.<\/span><\/li>\n<\/ul>\n<p><span style=\"font-weight: 400\">Du\u017cym zainteresowaniem cieszy\u0142 si\u0119 temat pszcz\u00f3\u0142 murarek. Uczestnicy zdecydowali o wyborze domku dla pszcz\u00f3\u0142 murarek oraz domk\u00f3w dla nietoperzy, kt\u00f3re zosta\u0142y zakupione ze \u015brodk\u00f3w Projektu \u201cSzukamy tlenu\u201d i umieszczone w przyszkolnym ogrodzie botanicznym. Pszczo\u0142y murarki do ula dostarczy\u0142 Pan Czes\u0142aw Tyrol za co jeste\u015bmy mu ogromnie wdzi\u0119czni.<img loading=\"lazy\" decoding=\"async\" class=\"alignnone size-full wp-image-9428\" src=\"http:\/\/lubsza.org\/wp-content\/uploads\/2023\/05\/Szukamy-tlenu_logo-1.png\" alt=\"\" width=\"3642\" height=\"957\" srcset=\"http:\/\/lubsza.org\/wp-content\/uploads\/2023\/05\/Szukamy-tlenu_logo-1.png 3642w, http:\/\/lubsza.org\/wp-content\/uploads\/2023\/05\/Szukamy-tlenu_logo-1-200x53.png 200w, http:\/\/lubsza.org\/wp-content\/uploads\/2023\/05\/Szukamy-tlenu_logo-1-1024x269.png 1024w, http:\/\/lubsza.org\/wp-content\/uploads\/2023\/05\/Szukamy-tlenu_logo-1-768x202.png 768w, http:\/\/lubsza.org\/wp-content\/uploads\/2023\/05\/Szukamy-tlenu_logo-1-1536x404.png 1536w, http:\/\/lubsza.org\/wp-content\/uploads\/2023\/05\/Szukamy-tlenu_logo-1-2048x538.png 2048w\" sizes=\"auto, (max-width: 3642px) 100vw, 3642px\" \/><\/span><\/p>\n<div id='gallery-1' class='gallery galleryid-9444 gallery-columns-3 gallery-size-thumbnail'><figure class='gallery-item'>\n\t\t\t<div class='gallery-icon landscape'>\n\t\t\t\t<a href='http:\/\/lubsza.org\/wp-content\/uploads\/2023\/07\/ST_Pszczoly_001.jpg' rel=\"lightbox[9444]\"><img loading=\"lazy\" decoding=\"async\" width=\"150\" height=\"150\" src=\"http:\/\/lubsza.org\/wp-content\/uploads\/2023\/07\/ST_Pszczoly_001-150x150.jpg\" class=\"attachment-thumbnail size-thumbnail\" alt=\"\" \/><\/a>\n\t\t\t<\/div><\/figure><figure class='gallery-item'>\n\t\t\t<div class='gallery-icon landscape'>\n\t\t\t\t<a href='http:\/\/lubsza.org\/wp-content\/uploads\/2023\/07\/ST_Pszczoly_002.jpg' rel=\"lightbox[9444]\"><img loading=\"lazy\" decoding=\"async\" width=\"150\" height=\"150\" src=\"http:\/\/lubsza.org\/wp-content\/uploads\/2023\/07\/ST_Pszczoly_002-150x150.jpg\" class=\"attachment-thumbnail size-thumbnail\" alt=\"\" \/><\/a>\n\t\t\t<\/div><\/figure><figure class='gallery-item'>\n\t\t\t<div class='gallery-icon landscape'>\n\t\t\t\t<a href='http:\/\/lubsza.org\/wp-content\/uploads\/2023\/07\/ST_Pszczoly_003.jpg' rel=\"lightbox[9444]\"><img loading=\"lazy\" decoding=\"async\" width=\"150\" height=\"150\" src=\"http:\/\/lubsza.org\/wp-content\/uploads\/2023\/07\/ST_Pszczoly_003-150x150.jpg\" class=\"attachment-thumbnail size-thumbnail\" alt=\"\" \/><\/a>\n\t\t\t<\/div><\/figure><figure class='gallery-item'>\n\t\t\t<div class='gallery-icon portrait'>\n\t\t\t\t<a href='http:\/\/lubsza.org\/wp-content\/uploads\/2023\/07\/ST_Pszczoly_006.jpg' rel=\"lightbox[9444]\"><img loading=\"lazy\" decoding=\"async\" width=\"150\" height=\"150\" src=\"http:\/\/lubsza.org\/wp-content\/uploads\/2023\/07\/ST_Pszczoly_006-150x150.jpg\" class=\"attachment-thumbnail size-thumbnail\" alt=\"\" \/><\/a>\n\t\t\t<\/div><\/figure><figure class='gallery-item'>\n\t\t\t<div class='gallery-icon portrait'>\n\t\t\t\t<a href='http:\/\/lubsza.org\/wp-content\/uploads\/2023\/07\/ST_Pszczoly_007.jpg' rel=\"lightbox[9444]\"><img loading=\"lazy\" decoding=\"async\" width=\"150\" height=\"150\" src=\"http:\/\/lubsza.org\/wp-content\/uploads\/2023\/07\/ST_Pszczoly_007-150x150.jpg\" class=\"attachment-thumbnail size-thumbnail\" alt=\"\" \/><\/a>\n\t\t\t<\/div><\/figure><figure class='gallery-item'>\n\t\t\t<div class='gallery-icon portrait'>\n\t\t\t\t<a href='http:\/\/lubsza.org\/wp-content\/uploads\/2023\/07\/ST_Pszczoly_008.jpg' rel=\"lightbox[9444]\"><img loading=\"lazy\" decoding=\"async\" width=\"150\" height=\"150\" src=\"http:\/\/lubsza.org\/wp-content\/uploads\/2023\/07\/ST_Pszczoly_008-150x150.jpg\" class=\"attachment-thumbnail size-thumbnail\" alt=\"\" \/><\/a>\n\t\t\t<\/div><\/figure><figure class='gallery-item'>\n\t\t\t<div class='gallery-icon portrait'>\n\t\t\t\t<a href='http:\/\/lubsza.org\/wp-content\/uploads\/2023\/07\/ST_Pszczolka.jpg' rel=\"lightbox[9444]\"><img loading=\"lazy\" decoding=\"async\" width=\"150\" height=\"150\" src=\"http:\/\/lubsza.org\/wp-content\/uploads\/2023\/07\/ST_Pszczolka-150x150.jpg\" class=\"attachment-thumbnail size-thumbnail\" alt=\"\" \/><\/a>\n\t\t\t<\/div><\/figure>\n\t\t<\/div>\n\n","protected":false},"excerpt":{"rendered":"<p>W dniach 12-13 czerwca 2023 roku odby\u0142y si\u0119 warsztaty pt. \u017bycie pszcz\u00f3\u0142, prowadzone przez Pana Czes\u0142awa Tyrola i cz\u0142onk\u00f3w Stowarzyszenia Mi\u0142o\u015bnik\u00f3w Ziemi Lubszeckiej. Pszczo\u0142y pe\u0142ni\u0105 kluczow\u0105 rol\u0119 w przyrodzie. Ich praca przynosi obop\u00f3lne korzy\u015bci zar\u00f3wno ludziom jak i zwierz\u0119tom, kt\u00f3re \u017cywi\u0105 si\u0119 owocami ro\u015blin, powsta\u0142ym dzi\u0119ki zapyleniu przez pszczo\u0142y.\u00a0<\/p>\n","protected":false},"author":2,"featured_media":0,"comment_status":"closed","ping_status":"open","sticky":false,"template":"","format":"standard","meta":{"footnotes":""},"categories":[61],"tags":[],"class_list":["post-9444","post","type-post","status-publish","format-standard","hentry","category-projekty-szukamy-tlenu"],"_links":{"self":[{"href":"http:\/\/lubsza.org\/index.php?rest_route=\/wp\/v2\/posts\/9444","targetHints":{"allow":["GET"]}}],"collection":[{"href":"http:\/\/lubsza.org\/index.php?rest_route=\/wp\/v2\/posts"}],"about":[{"href":"http:\/\/lubsza.org\/index.php?rest_route=\/wp\/v2\/types\/post"}],"author":[{"embeddable":true,"href":"http:\/\/lubsza.org\/index.php?rest_route=\/wp\/v2\/users\/2"}],"replies":[{"embeddable":true,"href":"http:\/\/lubsza.org\/index.php?rest_route=%2Fwp%2Fv2%2Fcomments&post=9444"}],"version-history":[{"count":4,"href":"http:\/\/lubsza.org\/index.php?rest_route=\/wp\/v2\/posts\/9444\/revisions"}],"predecessor-version":[{"id":9535,"href":"http:\/\/lubsza.org\/index.php?rest_route=\/wp\/v2\/posts\/9444\/revisions\/9535"}],"wp:attachment":[{"href":"http:\/\/lubsza.org\/index.php?rest_route=%2Fwp%2Fv2%2Fmedia&parent=9444"}],"wp:term":[{"taxonomy":"category","embeddable":true,"href":"http:\/\/lubsza.org\/index.php?rest_route=%2Fwp%2Fv2%2Fcategories&post=9444"},{"taxonomy":"post_tag","embeddable":true,"href":"http:\/\/lubsza.org\/index.php?rest_route=%2Fwp%2Fv2%2Ftags&post=9444"}],"curies":[{"name":"wp","href":"https:\/\/api.w.org\/{rel}","templated":true}]}}