{"id":9455,"date":"2023-06-16T21:23:13","date_gmt":"2023-06-16T19:23:13","guid":{"rendered":"http:\/\/lubsza.org\/?p=9455"},"modified":"2023-07-01T21:24:04","modified_gmt":"2023-07-01T19:24:04","slug":"szukamy-tlenu-wez-udzial-w-warsztatach-pt-fotosynteza","status":"publish","type":"post","link":"http:\/\/lubsza.org\/?p=9455","title":{"rendered":"\u201eSzukamy tlenu\u201d \u2013 We\u017a udzia\u0142 w warsztatach pt. Fotosynteza"},"content":{"rendered":"<p>Stowarzyszenie Mi\u0142o\u015bnik\u00f3w Ziemi Lubszeckiej w ramach Projektu \u201eSzukamy tlenu\u201d zaprasza w dniach 19 i 20 czerwca 2023 roku w godzinach od 13:00-15:00 na warsztaty przyrodnicze, kt\u00f3rych g\u0142\u00f3wnym tematem b\u0119dzie fotosynteza.<\/p>\n<p><img loading=\"lazy\" decoding=\"async\" class=\"alignnone size-full wp-image-9428\" src=\"http:\/\/lubsza.org\/wp-content\/uploads\/2023\/05\/Szukamy-tlenu_logo-1.png\" alt=\"\" width=\"3642\" height=\"957\" srcset=\"http:\/\/lubsza.org\/wp-content\/uploads\/2023\/05\/Szukamy-tlenu_logo-1.png 3642w, http:\/\/lubsza.org\/wp-content\/uploads\/2023\/05\/Szukamy-tlenu_logo-1-200x53.png 200w, http:\/\/lubsza.org\/wp-content\/uploads\/2023\/05\/Szukamy-tlenu_logo-1-1024x269.png 1024w, http:\/\/lubsza.org\/wp-content\/uploads\/2023\/05\/Szukamy-tlenu_logo-1-768x202.png 768w, http:\/\/lubsza.org\/wp-content\/uploads\/2023\/05\/Szukamy-tlenu_logo-1-1536x404.png 1536w, http:\/\/lubsza.org\/wp-content\/uploads\/2023\/05\/Szukamy-tlenu_logo-1-2048x538.png 2048w\" sizes=\"auto, (max-width: 3642px) 100vw, 3642px\" \/><\/p>\n","protected":false},"excerpt":{"rendered":"<p>Stowarzyszenie Mi\u0142o\u015bnik\u00f3w Ziemi Lubszeckiej w ramach Projektu \u201eSzukamy tlenu\u201d zaprasza w dniach 19 i 20 czerwca 2023 roku w godzinach od 13:00-15:00 na warsztaty przyrodnicze, kt\u00f3rych g\u0142\u00f3wnym tematem b\u0119dzie fotosynteza.<\/p>\n","protected":false},"author":2,"featured_media":0,"comment_status":"closed","ping_status":"open","sticky":false,"template":"","format":"standard","meta":{"footnotes":""},"categories":[61],"tags":[],"class_list":["post-9455","post","type-post","status-publish","format-standard","hentry","category-projekty-szukamy-tlenu"],"_links":{"self":[{"href":"http:\/\/lubsza.org\/index.php?rest_route=\/wp\/v2\/posts\/9455","targetHints":{"allow":["GET"]}}],"collection":[{"href":"http:\/\/lubsza.org\/index.php?rest_route=\/wp\/v2\/posts"}],"about":[{"href":"http:\/\/lubsza.org\/index.php?rest_route=\/wp\/v2\/types\/post"}],"author":[{"embeddable":true,"href":"http:\/\/lubsza.org\/index.php?rest_route=\/wp\/v2\/users\/2"}],"replies":[{"embeddable":true,"href":"http:\/\/lubsza.org\/index.php?rest_route=%2Fwp%2Fv2%2Fcomments&post=9455"}],"version-history":[{"count":1,"href":"http:\/\/lubsza.org\/index.php?rest_route=\/wp\/v2\/posts\/9455\/revisions"}],"predecessor-version":[{"id":9456,"href":"http:\/\/lubsza.org\/index.php?rest_route=\/wp\/v2\/posts\/9455\/revisions\/9456"}],"wp:attachment":[{"href":"http:\/\/lubsza.org\/index.php?rest_route=%2Fwp%2Fv2%2Fmedia&parent=9455"}],"wp:term":[{"taxonomy":"category","embeddable":true,"href":"http:\/\/lubsza.org\/index.php?rest_route=%2Fwp%2Fv2%2Fcategories&post=9455"},{"taxonomy":"post_tag","embeddable":true,"href":"http:\/\/lubsza.org\/index.php?rest_route=%2Fwp%2Fv2%2Ftags&post=9455"}],"curies":[{"name":"wp","href":"https:\/\/api.w.org\/{rel}","templated":true}]}}