{"id":9477,"date":"2023-06-30T11:12:31","date_gmt":"2023-06-30T09:12:31","guid":{"rendered":"http:\/\/lubsza.org\/?p=9477"},"modified":"2023-07-03T22:52:34","modified_gmt":"2023-07-03T20:52:34","slug":"wyjazd-do-zespolu-palacowo-parkowego-w-mosznej","status":"publish","type":"post","link":"http:\/\/lubsza.org\/?p=9477","title":{"rendered":"Wyjazd do Zespo\u0142u pa\u0142acowo-parkowego w Mosznej"},"content":{"rendered":"<p><img loading=\"lazy\" decoding=\"async\" class=\"wp-image-9506 alignright\" src=\"http:\/\/lubsza.org\/wp-content\/uploads\/2023\/06\/ST_Moszna_006.jpg\" alt=\"\" width=\"231\" height=\"173\" srcset=\"http:\/\/lubsza.org\/wp-content\/uploads\/2023\/06\/ST_Moszna_006.jpg 1000w, http:\/\/lubsza.org\/wp-content\/uploads\/2023\/06\/ST_Moszna_006-200x150.jpg 200w, http:\/\/lubsza.org\/wp-content\/uploads\/2023\/06\/ST_Moszna_006-768x576.jpg 768w\" sizes=\"auto, (max-width: 231px) 100vw, 231px\" \/>Wyjazd do Zespo\u0142u pa\u0142acowo-parkowego w Mosznej\u00a0 w dniu 28 czerwca 2023 roku. Kolejnym naszym dzia\u0142aniem w ramach zadania \u201eSzukamy tlenu\u201d by\u0142 wyjazd do Mosznej. Zwiedzali\u015bmy i poznali\u015bmy histori\u0119 bajkowego pa\u0142acu, kt\u00f3ry ma 365 pomieszcze\u0144 i 99 wie\u017c. Spaceruj\u0105c po kolejnych pi\u0119trach podziwiali\u015bmy przepi\u0119kne komnaty i r\u00f3\u017cne zakamarki.<\/p>\n<p><!--more--> Widzieli\u015bmy m.in. poczekalni\u0119 dla go\u015bci, dawn\u0105 sal\u0119 lustrzan\u0105, westybul, bibliotek\u0119, galeri\u0119, pok\u00f3j hrabiego, Z\u0142oty Apartament oraz kaplic\u0119. Po wyj\u015bciu z pa\u0142acu usiedli\u015bmy na \u0142aweczkach przy multimedialnej fontannie, kt\u00f3ra zlokalizowana jest na terenie przepi\u0119knego parku. Wodne widowisko jest zsynchronizowane ze starannie dobran\u0105 muzyk\u0105 klasyczn\u0105 i filmow\u0105. Po wodno-muzycznym spektaklu poszli\u015bmy alej\u0105 lipow\u0105, po bokach kt\u00f3rej zachowa\u0142y si\u0119 XIX-wieczne kana\u0142y wodne oraz malownicze stawy. W pobli\u017cu stawu Kalusznik natkn\u0119li\u015bmy si\u0119 na \u0142ab\u0119dzie. Naszemu spacerowi towarzyszy\u0142 przepi\u0119kny \u015bpiew ptak\u00f3w. Podziwiali\u015bmy pi\u0119kne krzewy azalii i r\u00f3\u017canecznik\u00f3w, wielowiekowe d\u0119by oraz sosn\u0119 wejmutk\u0119 licz\u0105c\u0105 oko\u0142o 300 lat. Zajrzeli\u015bmy tak\u017ce do oran\u017cerii pa\u0142acowej, w kt\u00f3rej jest wiele egzotycznych ro\u015blin w tym 80 letni fikus. Park w Mosznej odkry\u0142 przed nami swoje pi\u0119kne, unikalne oblicze. P\u00f3\u017anym popo\u0142udniem pe\u0142ni wra\u017ce\u0144 wr\u00f3cili\u015bmy do Lubszy.<\/p>\n<p>&nbsp;<\/p>\n<div id='gallery-1' class='gallery galleryid-9477 gallery-columns-3 gallery-size-thumbnail'><figure class='gallery-item'>\n\t\t\t<div class='gallery-icon landscape'>\n\t\t\t\t<a href='http:\/\/lubsza.org\/wp-content\/uploads\/2023\/06\/ST_Moszna_001.jpg' rel=\"lightbox[9477]\"><img loading=\"lazy\" decoding=\"async\" width=\"150\" height=\"150\" src=\"http:\/\/lubsza.org\/wp-content\/uploads\/2023\/06\/ST_Moszna_001-150x150.jpg\" class=\"attachment-thumbnail size-thumbnail\" alt=\"\" \/><\/a>\n\t\t\t<\/div><\/figure><figure class='gallery-item'>\n\t\t\t<div class='gallery-icon landscape'>\n\t\t\t\t<a href='http:\/\/lubsza.org\/wp-content\/uploads\/2023\/06\/ST_Moszna_002.jpg' rel=\"lightbox[9477]\"><img loading=\"lazy\" decoding=\"async\" width=\"150\" height=\"150\" src=\"http:\/\/lubsza.org\/wp-content\/uploads\/2023\/06\/ST_Moszna_002-150x150.jpg\" class=\"attachment-thumbnail size-thumbnail\" alt=\"\" \/><\/a>\n\t\t\t<\/div><\/figure><figure class='gallery-item'>\n\t\t\t<div class='gallery-icon landscape'>\n\t\t\t\t<a href='http:\/\/lubsza.org\/wp-content\/uploads\/2023\/06\/ST_Moszna_003.jpg' rel=\"lightbox[9477]\"><img loading=\"lazy\" decoding=\"async\" width=\"150\" height=\"150\" src=\"http:\/\/lubsza.org\/wp-content\/uploads\/2023\/06\/ST_Moszna_003-150x150.jpg\" class=\"attachment-thumbnail size-thumbnail\" alt=\"\" \/><\/a>\n\t\t\t<\/div><\/figure><figure class='gallery-item'>\n\t\t\t<div class='gallery-icon landscape'>\n\t\t\t\t<a href='http:\/\/lubsza.org\/wp-content\/uploads\/2023\/06\/ST_Moszna_004.jpg' rel=\"lightbox[9477]\"><img loading=\"lazy\" decoding=\"async\" width=\"150\" height=\"150\" src=\"http:\/\/lubsza.org\/wp-content\/uploads\/2023\/06\/ST_Moszna_004-150x150.jpg\" class=\"attachment-thumbnail size-thumbnail\" alt=\"\" \/><\/a>\n\t\t\t<\/div><\/figure><figure class='gallery-item'>\n\t\t\t<div class='gallery-icon landscape'>\n\t\t\t\t<a href='http:\/\/lubsza.org\/wp-content\/uploads\/2023\/06\/ST_Moszna_005.jpg' rel=\"lightbox[9477]\"><img loading=\"lazy\" decoding=\"async\" width=\"150\" height=\"150\" src=\"http:\/\/lubsza.org\/wp-content\/uploads\/2023\/06\/ST_Moszna_005-150x150.jpg\" class=\"attachment-thumbnail size-thumbnail\" alt=\"\" \/><\/a>\n\t\t\t<\/div><\/figure><figure class='gallery-item'>\n\t\t\t<div class='gallery-icon landscape'>\n\t\t\t\t<a href='http:\/\/lubsza.org\/wp-content\/uploads\/2023\/06\/ST_Moszna_006.jpg' rel=\"lightbox[9477]\"><img loading=\"lazy\" decoding=\"async\" width=\"150\" height=\"150\" src=\"http:\/\/lubsza.org\/wp-content\/uploads\/2023\/06\/ST_Moszna_006-150x150.jpg\" class=\"attachment-thumbnail size-thumbnail\" alt=\"\" \/><\/a>\n\t\t\t<\/div><\/figure><figure class='gallery-item'>\n\t\t\t<div class='gallery-icon landscape'>\n\t\t\t\t<a href='http:\/\/lubsza.org\/wp-content\/uploads\/2023\/06\/ST_Moszna_007.jpg' rel=\"lightbox[9477]\"><img loading=\"lazy\" decoding=\"async\" width=\"150\" height=\"150\" src=\"http:\/\/lubsza.org\/wp-content\/uploads\/2023\/06\/ST_Moszna_007-150x150.jpg\" class=\"attachment-thumbnail size-thumbnail\" alt=\"\" \/><\/a>\n\t\t\t<\/div><\/figure><figure class='gallery-item'>\n\t\t\t<div class='gallery-icon portrait'>\n\t\t\t\t<a href='http:\/\/lubsza.org\/wp-content\/uploads\/2023\/06\/ST_Moszna_008-rotated.jpg' rel=\"lightbox[9477]\"><img loading=\"lazy\" decoding=\"async\" width=\"150\" height=\"150\" src=\"http:\/\/lubsza.org\/wp-content\/uploads\/2023\/06\/ST_Moszna_008-150x150.jpg\" class=\"attachment-thumbnail size-thumbnail\" alt=\"\" \/><\/a>\n\t\t\t<\/div><\/figure><figure class='gallery-item'>\n\t\t\t<div class='gallery-icon portrait'>\n\t\t\t\t<a href='http:\/\/lubsza.org\/wp-content\/uploads\/2023\/06\/ST_Moszna_009.jpg' rel=\"lightbox[9477]\"><img loading=\"lazy\" decoding=\"async\" width=\"150\" height=\"150\" src=\"http:\/\/lubsza.org\/wp-content\/uploads\/2023\/06\/ST_Moszna_009-150x150.jpg\" class=\"attachment-thumbnail size-thumbnail\" alt=\"\" \/><\/a>\n\t\t\t<\/div><\/figure><figure class='gallery-item'>\n\t\t\t<div class='gallery-icon portrait'>\n\t\t\t\t<a href='http:\/\/lubsza.org\/wp-content\/uploads\/2023\/06\/ST_Moszna_010.jpg' rel=\"lightbox[9477]\"><img loading=\"lazy\" decoding=\"async\" width=\"150\" height=\"150\" src=\"http:\/\/lubsza.org\/wp-content\/uploads\/2023\/06\/ST_Moszna_010-150x150.jpg\" class=\"attachment-thumbnail size-thumbnail\" alt=\"\" \/><\/a>\n\t\t\t<\/div><\/figure><figure class='gallery-item'>\n\t\t\t<div class='gallery-icon landscape'>\n\t\t\t\t<a href='http:\/\/lubsza.org\/wp-content\/uploads\/2023\/06\/ST_Moszna_011.jpg' rel=\"lightbox[9477]\"><img loading=\"lazy\" decoding=\"async\" width=\"150\" height=\"150\" src=\"http:\/\/lubsza.org\/wp-content\/uploads\/2023\/06\/ST_Moszna_011-150x150.jpg\" class=\"attachment-thumbnail size-thumbnail\" alt=\"\" \/><\/a>\n\t\t\t<\/div><\/figure><figure class='gallery-item'>\n\t\t\t<div class='gallery-icon landscape'>\n\t\t\t\t<a href='http:\/\/lubsza.org\/wp-content\/uploads\/2023\/06\/ST_Moszna_012.jpg' rel=\"lightbox[9477]\"><img loading=\"lazy\" decoding=\"async\" width=\"150\" height=\"150\" src=\"http:\/\/lubsza.org\/wp-content\/uploads\/2023\/06\/ST_Moszna_012-150x150.jpg\" class=\"attachment-thumbnail size-thumbnail\" alt=\"\" \/><\/a>\n\t\t\t<\/div><\/figure><figure class='gallery-item'>\n\t\t\t<div class='gallery-icon landscape'>\n\t\t\t\t<a href='http:\/\/lubsza.org\/wp-content\/uploads\/2023\/06\/ST_Moszna_013.jpg' rel=\"lightbox[9477]\"><img loading=\"lazy\" decoding=\"async\" width=\"150\" height=\"150\" src=\"http:\/\/lubsza.org\/wp-content\/uploads\/2023\/06\/ST_Moszna_013-150x150.jpg\" class=\"attachment-thumbnail size-thumbnail\" alt=\"\" \/><\/a>\n\t\t\t<\/div><\/figure><figure class='gallery-item'>\n\t\t\t<div class='gallery-icon landscape'>\n\t\t\t\t<a href='http:\/\/lubsza.org\/wp-content\/uploads\/2023\/06\/ST_Moszna_014.jpg' rel=\"lightbox[9477]\"><img loading=\"lazy\" decoding=\"async\" width=\"150\" height=\"150\" src=\"http:\/\/lubsza.org\/wp-content\/uploads\/2023\/06\/ST_Moszna_014-150x150.jpg\" class=\"attachment-thumbnail size-thumbnail\" alt=\"\" \/><\/a>\n\t\t\t<\/div><\/figure><figure class='gallery-item'>\n\t\t\t<div class='gallery-icon landscape'>\n\t\t\t\t<a href='http:\/\/lubsza.org\/wp-content\/uploads\/2023\/06\/ST_Moszna_015.jpg' rel=\"lightbox[9477]\"><img loading=\"lazy\" decoding=\"async\" width=\"150\" height=\"150\" src=\"http:\/\/lubsza.org\/wp-content\/uploads\/2023\/06\/ST_Moszna_015-150x150.jpg\" class=\"attachment-thumbnail size-thumbnail\" alt=\"\" \/><\/a>\n\t\t\t<\/div><\/figure><figure class='gallery-item'>\n\t\t\t<div class='gallery-icon landscape'>\n\t\t\t\t<a href='http:\/\/lubsza.org\/wp-content\/uploads\/2023\/06\/ST_Moszna_016.jpg' rel=\"lightbox[9477]\"><img loading=\"lazy\" decoding=\"async\" width=\"150\" height=\"150\" src=\"http:\/\/lubsza.org\/wp-content\/uploads\/2023\/06\/ST_Moszna_016-150x150.jpg\" class=\"attachment-thumbnail size-thumbnail\" alt=\"\" \/><\/a>\n\t\t\t<\/div><\/figure><figure class='gallery-item'>\n\t\t\t<div class='gallery-icon landscape'>\n\t\t\t\t<a href='http:\/\/lubsza.org\/wp-content\/uploads\/2023\/06\/ST_Moszna_017.jpg' rel=\"lightbox[9477]\"><img loading=\"lazy\" decoding=\"async\" width=\"150\" height=\"150\" src=\"http:\/\/lubsza.org\/wp-content\/uploads\/2023\/06\/ST_Moszna_017-150x150.jpg\" class=\"attachment-thumbnail size-thumbnail\" alt=\"\" \/><\/a>\n\t\t\t<\/div><\/figure><figure class='gallery-item'>\n\t\t\t<div class='gallery-icon landscape'>\n\t\t\t\t<a href='http:\/\/lubsza.org\/wp-content\/uploads\/2023\/06\/ST_Moszna_018.jpg' rel=\"lightbox[9477]\"><img loading=\"lazy\" decoding=\"async\" width=\"150\" height=\"150\" src=\"http:\/\/lubsza.org\/wp-content\/uploads\/2023\/06\/ST_Moszna_018-150x150.jpg\" class=\"attachment-thumbnail size-thumbnail\" alt=\"\" \/><\/a>\n\t\t\t<\/div><\/figure><figure class='gallery-item'>\n\t\t\t<div class='gallery-icon landscape'>\n\t\t\t\t<a href='http:\/\/lubsza.org\/wp-content\/uploads\/2023\/06\/ST_Moszna_019.jpg' rel=\"lightbox[9477]\"><img loading=\"lazy\" decoding=\"async\" width=\"150\" height=\"150\" src=\"http:\/\/lubsza.org\/wp-content\/uploads\/2023\/06\/ST_Moszna_019-150x150.jpg\" class=\"attachment-thumbnail size-thumbnail\" alt=\"\" \/><\/a>\n\t\t\t<\/div><\/figure><figure class='gallery-item'>\n\t\t\t<div class='gallery-icon landscape'>\n\t\t\t\t<a href='http:\/\/lubsza.org\/wp-content\/uploads\/2023\/06\/ST_Moszna_020.jpg' rel=\"lightbox[9477]\"><img loading=\"lazy\" decoding=\"async\" width=\"150\" height=\"150\" src=\"http:\/\/lubsza.org\/wp-content\/uploads\/2023\/06\/ST_Moszna_020-150x150.jpg\" class=\"attachment-thumbnail size-thumbnail\" alt=\"\" \/><\/a>\n\t\t\t<\/div><\/figure><figure class='gallery-item'>\n\t\t\t<div class='gallery-icon landscape'>\n\t\t\t\t<a href='http:\/\/lubsza.org\/wp-content\/uploads\/2023\/06\/ST_Moszna_021.jpg' rel=\"lightbox[9477]\"><img loading=\"lazy\" decoding=\"async\" width=\"150\" height=\"150\" src=\"http:\/\/lubsza.org\/wp-content\/uploads\/2023\/06\/ST_Moszna_021-150x150.jpg\" class=\"attachment-thumbnail size-thumbnail\" alt=\"\" \/><\/a>\n\t\t\t<\/div><\/figure>\n\t\t<\/div>\n\n<p><img loading=\"lazy\" decoding=\"async\" class=\"alignnone size-large wp-image-9428\" src=\"http:\/\/lubsza.org\/wp-content\/uploads\/2023\/05\/Szukamy-tlenu_logo-1-1024x269.png\" alt=\"\" width=\"604\" height=\"159\" srcset=\"http:\/\/lubsza.org\/wp-content\/uploads\/2023\/05\/Szukamy-tlenu_logo-1-1024x269.png 1024w, http:\/\/lubsza.org\/wp-content\/uploads\/2023\/05\/Szukamy-tlenu_logo-1-200x53.png 200w, http:\/\/lubsza.org\/wp-content\/uploads\/2023\/05\/Szukamy-tlenu_logo-1-768x202.png 768w, http:\/\/lubsza.org\/wp-content\/uploads\/2023\/05\/Szukamy-tlenu_logo-1-1536x404.png 1536w, http:\/\/lubsza.org\/wp-content\/uploads\/2023\/05\/Szukamy-tlenu_logo-1-2048x538.png 2048w\" sizes=\"auto, (max-width: 604px) 100vw, 604px\" \/><\/p>\n","protected":false},"excerpt":{"rendered":"<p>Wyjazd do Zespo\u0142u pa\u0142acowo-parkowego w Mosznej\u00a0 w dniu 28 czerwca 2023 roku. Kolejnym naszym dzia\u0142aniem w ramach zadania \u201eSzukamy tlenu\u201d by\u0142 wyjazd do Mosznej. Zwiedzali\u015bmy i poznali\u015bmy histori\u0119 bajkowego pa\u0142acu, kt\u00f3ry ma 365 pomieszcze\u0144 i 99 wie\u017c. Spaceruj\u0105c po kolejnych pi\u0119trach podziwiali\u015bmy przepi\u0119kne komnaty i r\u00f3\u017cne zakamarki.<\/p>\n","protected":false},"author":2,"featured_media":0,"comment_status":"closed","ping_status":"open","sticky":false,"template":"","format":"standard","meta":{"footnotes":""},"categories":[61],"tags":[],"class_list":["post-9477","post","type-post","status-publish","format-standard","hentry","category-projekty-szukamy-tlenu"],"_links":{"self":[{"href":"http:\/\/lubsza.org\/index.php?rest_route=\/wp\/v2\/posts\/9477","targetHints":{"allow":["GET"]}}],"collection":[{"href":"http:\/\/lubsza.org\/index.php?rest_route=\/wp\/v2\/posts"}],"about":[{"href":"http:\/\/lubsza.org\/index.php?rest_route=\/wp\/v2\/types\/post"}],"author":[{"embeddable":true,"href":"http:\/\/lubsza.org\/index.php?rest_route=\/wp\/v2\/users\/2"}],"replies":[{"embeddable":true,"href":"http:\/\/lubsza.org\/index.php?rest_route=%2Fwp%2Fv2%2Fcomments&post=9477"}],"version-history":[{"count":5,"href":"http:\/\/lubsza.org\/index.php?rest_route=\/wp\/v2\/posts\/9477\/revisions"}],"predecessor-version":[{"id":9529,"href":"http:\/\/lubsza.org\/index.php?rest_route=\/wp\/v2\/posts\/9477\/revisions\/9529"}],"wp:attachment":[{"href":"http:\/\/lubsza.org\/index.php?rest_route=%2Fwp%2Fv2%2Fmedia&parent=9477"}],"wp:term":[{"taxonomy":"category","embeddable":true,"href":"http:\/\/lubsza.org\/index.php?rest_route=%2Fwp%2Fv2%2Fcategories&post=9477"},{"taxonomy":"post_tag","embeddable":true,"href":"http:\/\/lubsza.org\/index.php?rest_route=%2Fwp%2Fv2%2Ftags&post=9477"}],"curies":[{"name":"wp","href":"https:\/\/api.w.org\/{rel}","templated":true}]}}