{"id":9525,"date":"2023-06-29T20:37:04","date_gmt":"2023-06-29T18:37:04","guid":{"rendered":"http:\/\/lubsza.org\/?p=9525"},"modified":"2023-07-03T22:53:21","modified_gmt":"2023-07-03T20:53:21","slug":"jozef-lompa-slaski-sokrates","status":"publish","type":"post","link":"http:\/\/lubsza.org\/?p=9525","title":{"rendered":"J\u00f3zef Lompa. \u015al\u0105ski Sokrates."},"content":{"rendered":"<p><strong>Zapraszamy do obejrzenia filmu o Naszym Patronie &#8211; J\u00f3zefie Lompie.<\/strong><\/p>\n<p>&#8222;Fundacja Rozwoju Edukacji SPATIA, we wsp\u00f3\u0142pracy z Telewizj\u0105 Polsk\u0105 S.A. Oddzia\u0142 w Katowicach realizuje film o J\u00f3zefie Lompie, wielkim \u015al\u0105zaku, zwanym \u015bl\u0105skim Sokratesem.<\/p>\n<p><!--more-->Termin produkcji filmu nie\u00a0jest przypadkowy. Wi\u0105\u017ce si\u0119 z\u00a0przypadaj\u0105c\u0105 na\u00a02023\u00a0r. 160. rocznic\u0105 \u015bmierci tej\u00a0bardzo wa\u017cnej dla polsko\u015bci \u015al\u0105ska postaci. J\u00f3zef Lompa \u2013 urodzony w\u00a0Ole\u015bnie na\u00a0G\u00f3rnym \u015al\u0105sku, poliglota, autor ksi\u0105\u017cek z\u00a0wielu dziedzin, poeta, dziennikarz i\u00a0publicysta, muzyk, cz\u0142owiek szczeg\u00f3lnie zaanga\u017cowany w\u00a0\u017cycie spo\u0142eczne \u015al\u0105ska, okre\u015blany tak\u017ce jako ojciec etnografii \u015bl\u0105skiej. Lompa walczy\u0142 o\u00a0wprowadzenie j\u0119zyka polskiego w\u00a0szko\u0142ach, za\u00a0co\u00a0zosta\u0142 przez\u00a0w\u0142adze niemieckie pozbawi\u0142y pracy, domu i\u00a0prawa do\u00a0emerytury. J\u00f3zef Lompa jednego dnia straci\u0142 wszystko.<\/p>\n<p>Ide\u0105 g\u0142\u00f3wn\u0105 projektu jest rozpowszechnienie w\u015br\u00f3d mieszka\u0144c\u00f3w \u015al\u0105ska wiedzy na temat tej arcywa\u017cnej dla regionu postaci. W realizacj\u0119 merytoryczn\u0105 i filmow\u0105 projektu zaanga\u017cowani zostan\u0105 tak znani tw\u00f3rcy jak Marek Szo\u0142tysek \u2013 \u015bl\u0105ski pisarz, dziennikarz, historyk, autor ksi\u0105\u017cek zwi\u0105zanych z kultur\u0105 i kuchni\u0105 \u015bl\u0105sk\u0105, redaktor Gazety Rybnickiej oraz Waldemar Patlewicz \u2013 re\u017cyser i scenarzysta zwi\u0105zany z Telewizja Polska Oddzia\u0142em w Katowicach, autor wielu dokument\u00f3w i reporta\u017cy o G\u00f3rnym \u015al\u0105sku i postaciach wa\u017cnych dla regionu, re\u017cyser teatralny i film\u00f3w.&#8221;<\/p>\n<p><a href=\"https:\/\/katowice.tvp.pl\/70937190\/jozef-lompa-slaski-sokrates?fbclid=IwAR1KSO7UdWSNHB1TJF2-yYSQBVTsFvQa8bq5LKnZS9FxsJ5uGfVooomNzpI\">Film o J\u00f3zefie Lompie -&gt; https:\/\/katowice.tvp.pl\/70937190\/jozef-lompa-slaski-sokrates<\/a><\/p>\n<p>&nbsp;<\/p>\n","protected":false},"excerpt":{"rendered":"<p>Zapraszamy do obejrzenia filmu o Naszym Patronie &#8211; J\u00f3zefie Lompie. &#8222;Fundacja Rozwoju Edukacji SPATIA, we wsp\u00f3\u0142pracy z Telewizj\u0105 Polsk\u0105 S.A. Oddzia\u0142 w Katowicach realizuje film o J\u00f3zefie Lompie, wielkim \u015al\u0105zaku, zwanym \u015bl\u0105skim Sokratesem.<\/p>\n","protected":false},"author":2,"featured_media":0,"comment_status":"closed","ping_status":"open","sticky":false,"template":"","format":"standard","meta":{"footnotes":""},"categories":[14],"tags":[],"class_list":["post-9525","post","type-post","status-publish","format-standard","hentry","category-jozef-lompa"],"_links":{"self":[{"href":"http:\/\/lubsza.org\/index.php?rest_route=\/wp\/v2\/posts\/9525","targetHints":{"allow":["GET"]}}],"collection":[{"href":"http:\/\/lubsza.org\/index.php?rest_route=\/wp\/v2\/posts"}],"about":[{"href":"http:\/\/lubsza.org\/index.php?rest_route=\/wp\/v2\/types\/post"}],"author":[{"embeddable":true,"href":"http:\/\/lubsza.org\/index.php?rest_route=\/wp\/v2\/users\/2"}],"replies":[{"embeddable":true,"href":"http:\/\/lubsza.org\/index.php?rest_route=%2Fwp%2Fv2%2Fcomments&post=9525"}],"version-history":[{"count":2,"href":"http:\/\/lubsza.org\/index.php?rest_route=\/wp\/v2\/posts\/9525\/revisions"}],"predecessor-version":[{"id":9530,"href":"http:\/\/lubsza.org\/index.php?rest_route=\/wp\/v2\/posts\/9525\/revisions\/9530"}],"wp:attachment":[{"href":"http:\/\/lubsza.org\/index.php?rest_route=%2Fwp%2Fv2%2Fmedia&parent=9525"}],"wp:term":[{"taxonomy":"category","embeddable":true,"href":"http:\/\/lubsza.org\/index.php?rest_route=%2Fwp%2Fv2%2Fcategories&post=9525"},{"taxonomy":"post_tag","embeddable":true,"href":"http:\/\/lubsza.org\/index.php?rest_route=%2Fwp%2Fv2%2Ftags&post=9525"}],"curies":[{"name":"wp","href":"https:\/\/api.w.org\/{rel}","templated":true}]}}