{"id":9625,"date":"2023-07-18T23:00:06","date_gmt":"2023-07-18T21:00:06","guid":{"rendered":"http:\/\/lubsza.org\/?p=9625"},"modified":"2023-08-03T14:25:52","modified_gmt":"2023-08-03T12:25:52","slug":"lubszelka-nasz-lubszecki-wypiek","status":"publish","type":"post","link":"http:\/\/lubsza.org\/?p=9625","title":{"rendered":"Lubszelka \u2013 nasz lubszecki wypiek"},"content":{"rendered":"<p><img loading=\"lazy\" decoding=\"async\" class=\"alignright size-thumbnail wp-image-9638\" src=\"http:\/\/lubsza.org\/wp-content\/uploads\/2023\/08\/DSJ_Lubszelki_12-150x150.jpg\" alt=\"\" width=\"150\" height=\"150\" \/>Warsztaty wypiekania \u201eLubszelek\u201d &#8211; ciasteczek, kt\u00f3re s\u0105 regionalnymi smako\u0142ykami reprezentuj\u0105cymi nie tylko Lubsz\u0119, ale i ca\u0142\u0105 gmin\u0119 odby\u0142y si\u0119 18 lipca 2023 roku.<\/p>\n<p>Ca\u0142y proces od zestawienia sk\u0142adnik\u00f3w po wyrabianie ciasta, formowanie, wypiekanie oraz przyozdabianie by\u0142o przeprowadzony przez grup\u0119 os\u00f3b bior\u0105cych udzia\u0142 w Projekcie \u201eB\u0105d\u017a jak Jakub \u2013 promocja drogi jakubowej\u201d z sekcji kulinarnej pod okiem naszej Laureatki konkursu na ciasteczka \u2013 Pani\u0105 Iren\u0105 Kita, kt\u00f3ra zdradzi\u0142a nam sw\u00f3j wspania\u0142y przepis.<\/p>\n<p><!--more--><\/p>\n<p>Upieczone i spakowane ciasteczka zosta\u0142y przekazane Lubrzanom podczas wycieczki do Lubrzy.<\/p>\n<p><img loading=\"lazy\" decoding=\"async\" class=\"alignnone size-large wp-image-9419\" src=\"http:\/\/lubsza.org\/wp-content\/uploads\/2023\/05\/Droga-Jakubowa_logo-1024x239.png\" alt=\"\" width=\"604\" height=\"141\" srcset=\"http:\/\/lubsza.org\/wp-content\/uploads\/2023\/05\/Droga-Jakubowa_logo-1024x239.png 1024w, http:\/\/lubsza.org\/wp-content\/uploads\/2023\/05\/Droga-Jakubowa_logo-200x47.png 200w, http:\/\/lubsza.org\/wp-content\/uploads\/2023\/05\/Droga-Jakubowa_logo-768x179.png 768w, http:\/\/lubsza.org\/wp-content\/uploads\/2023\/05\/Droga-Jakubowa_logo-1536x359.png 1536w, http:\/\/lubsza.org\/wp-content\/uploads\/2023\/05\/Droga-Jakubowa_logo-2048x478.png 2048w\" sizes=\"auto, (max-width: 604px) 100vw, 604px\" \/><\/p>\n<div id='gallery-1' class='gallery galleryid-9625 gallery-columns-3 gallery-size-thumbnail'><figure class='gallery-item'>\n\t\t\t<div class='gallery-icon landscape'>\n\t\t\t\t<a href='http:\/\/lubsza.org\/wp-content\/uploads\/2023\/08\/DSJ_Lubszelki_01.jpg' rel=\"lightbox[9625]\"><img loading=\"lazy\" decoding=\"async\" width=\"150\" height=\"150\" src=\"http:\/\/lubsza.org\/wp-content\/uploads\/2023\/08\/DSJ_Lubszelki_01-150x150.jpg\" class=\"attachment-thumbnail size-thumbnail\" alt=\"\" \/><\/a>\n\t\t\t<\/div><\/figure><figure class='gallery-item'>\n\t\t\t<div class='gallery-icon landscape'>\n\t\t\t\t<a href='http:\/\/lubsza.org\/wp-content\/uploads\/2023\/08\/DSJ_Lubszelki_02.jpg' rel=\"lightbox[9625]\"><img loading=\"lazy\" decoding=\"async\" width=\"150\" height=\"150\" src=\"http:\/\/lubsza.org\/wp-content\/uploads\/2023\/08\/DSJ_Lubszelki_02-150x150.jpg\" class=\"attachment-thumbnail size-thumbnail\" alt=\"\" \/><\/a>\n\t\t\t<\/div><\/figure><figure class='gallery-item'>\n\t\t\t<div class='gallery-icon landscape'>\n\t\t\t\t<a href='http:\/\/lubsza.org\/wp-content\/uploads\/2023\/08\/DSJ_Lubszelki_03.jpg' rel=\"lightbox[9625]\"><img loading=\"lazy\" decoding=\"async\" width=\"150\" height=\"150\" src=\"http:\/\/lubsza.org\/wp-content\/uploads\/2023\/08\/DSJ_Lubszelki_03-150x150.jpg\" class=\"attachment-thumbnail size-thumbnail\" alt=\"\" \/><\/a>\n\t\t\t<\/div><\/figure><figure class='gallery-item'>\n\t\t\t<div class='gallery-icon landscape'>\n\t\t\t\t<a href='http:\/\/lubsza.org\/wp-content\/uploads\/2023\/08\/DSJ_Lubszelki_04.jpg' rel=\"lightbox[9625]\"><img loading=\"lazy\" decoding=\"async\" width=\"150\" height=\"150\" src=\"http:\/\/lubsza.org\/wp-content\/uploads\/2023\/08\/DSJ_Lubszelki_04-150x150.jpg\" class=\"attachment-thumbnail size-thumbnail\" alt=\"\" \/><\/a>\n\t\t\t<\/div><\/figure><figure class='gallery-item'>\n\t\t\t<div class='gallery-icon landscape'>\n\t\t\t\t<a href='http:\/\/lubsza.org\/wp-content\/uploads\/2023\/08\/DSJ_Lubszelki_05.jpg' rel=\"lightbox[9625]\"><img loading=\"lazy\" decoding=\"async\" width=\"150\" height=\"150\" src=\"http:\/\/lubsza.org\/wp-content\/uploads\/2023\/08\/DSJ_Lubszelki_05-150x150.jpg\" class=\"attachment-thumbnail size-thumbnail\" alt=\"\" \/><\/a>\n\t\t\t<\/div><\/figure><figure class='gallery-item'>\n\t\t\t<div class='gallery-icon landscape'>\n\t\t\t\t<a href='http:\/\/lubsza.org\/wp-content\/uploads\/2023\/08\/DSJ_Lubszelki_06.jpg' rel=\"lightbox[9625]\"><img loading=\"lazy\" decoding=\"async\" width=\"150\" height=\"150\" src=\"http:\/\/lubsza.org\/wp-content\/uploads\/2023\/08\/DSJ_Lubszelki_06-150x150.jpg\" class=\"attachment-thumbnail size-thumbnail\" alt=\"\" \/><\/a>\n\t\t\t<\/div><\/figure><figure class='gallery-item'>\n\t\t\t<div class='gallery-icon landscape'>\n\t\t\t\t<a href='http:\/\/lubsza.org\/wp-content\/uploads\/2023\/08\/DSJ_Lubszelki_07.jpg' rel=\"lightbox[9625]\"><img loading=\"lazy\" decoding=\"async\" width=\"150\" height=\"150\" src=\"http:\/\/lubsza.org\/wp-content\/uploads\/2023\/08\/DSJ_Lubszelki_07-150x150.jpg\" class=\"attachment-thumbnail size-thumbnail\" alt=\"\" \/><\/a>\n\t\t\t<\/div><\/figure><figure class='gallery-item'>\n\t\t\t<div class='gallery-icon landscape'>\n\t\t\t\t<a href='http:\/\/lubsza.org\/wp-content\/uploads\/2023\/08\/DSJ_Lubszelki_08.jpg' rel=\"lightbox[9625]\"><img loading=\"lazy\" decoding=\"async\" width=\"150\" height=\"150\" src=\"http:\/\/lubsza.org\/wp-content\/uploads\/2023\/08\/DSJ_Lubszelki_08-150x150.jpg\" class=\"attachment-thumbnail size-thumbnail\" alt=\"\" \/><\/a>\n\t\t\t<\/div><\/figure><figure class='gallery-item'>\n\t\t\t<div class='gallery-icon landscape'>\n\t\t\t\t<a href='http:\/\/lubsza.org\/wp-content\/uploads\/2023\/08\/DSJ_Lubszelki_09.jpg' rel=\"lightbox[9625]\"><img loading=\"lazy\" decoding=\"async\" width=\"150\" height=\"150\" src=\"http:\/\/lubsza.org\/wp-content\/uploads\/2023\/08\/DSJ_Lubszelki_09-150x150.jpg\" class=\"attachment-thumbnail size-thumbnail\" alt=\"\" \/><\/a>\n\t\t\t<\/div><\/figure><figure class='gallery-item'>\n\t\t\t<div class='gallery-icon landscape'>\n\t\t\t\t<a href='http:\/\/lubsza.org\/wp-content\/uploads\/2023\/08\/DSJ_Lubszelki_10.jpg' rel=\"lightbox[9625]\"><img loading=\"lazy\" decoding=\"async\" width=\"150\" height=\"150\" src=\"http:\/\/lubsza.org\/wp-content\/uploads\/2023\/08\/DSJ_Lubszelki_10-150x150.jpg\" class=\"attachment-thumbnail size-thumbnail\" alt=\"\" \/><\/a>\n\t\t\t<\/div><\/figure><figure class='gallery-item'>\n\t\t\t<div class='gallery-icon landscape'>\n\t\t\t\t<a href='http:\/\/lubsza.org\/wp-content\/uploads\/2023\/08\/DSJ_Lubszelki_11.jpg' rel=\"lightbox[9625]\"><img loading=\"lazy\" decoding=\"async\" width=\"150\" height=\"150\" src=\"http:\/\/lubsza.org\/wp-content\/uploads\/2023\/08\/DSJ_Lubszelki_11-150x150.jpg\" class=\"attachment-thumbnail size-thumbnail\" alt=\"\" \/><\/a>\n\t\t\t<\/div><\/figure><figure class='gallery-item'>\n\t\t\t<div class='gallery-icon landscape'>\n\t\t\t\t<a href='http:\/\/lubsza.org\/wp-content\/uploads\/2023\/08\/DSJ_Lubszelki_12.jpg' rel=\"lightbox[9625]\"><img loading=\"lazy\" decoding=\"async\" width=\"150\" height=\"150\" src=\"http:\/\/lubsza.org\/wp-content\/uploads\/2023\/08\/DSJ_Lubszelki_12-150x150.jpg\" class=\"attachment-thumbnail size-thumbnail\" alt=\"\" \/><\/a>\n\t\t\t<\/div><\/figure><figure class='gallery-item'>\n\t\t\t<div class='gallery-icon landscape'>\n\t\t\t\t<a href='http:\/\/lubsza.org\/wp-content\/uploads\/2023\/08\/DSJ_Lubszelki_13.jpg' rel=\"lightbox[9625]\"><img loading=\"lazy\" decoding=\"async\" width=\"150\" height=\"150\" src=\"http:\/\/lubsza.org\/wp-content\/uploads\/2023\/08\/DSJ_Lubszelki_13-150x150.jpg\" class=\"attachment-thumbnail size-thumbnail\" alt=\"\" \/><\/a>\n\t\t\t<\/div><\/figure><figure class='gallery-item'>\n\t\t\t<div class='gallery-icon landscape'>\n\t\t\t\t<a href='http:\/\/lubsza.org\/wp-content\/uploads\/2023\/08\/DSJ_Lubszelki_14.jpg' rel=\"lightbox[9625]\"><img loading=\"lazy\" decoding=\"async\" width=\"150\" height=\"150\" src=\"http:\/\/lubsza.org\/wp-content\/uploads\/2023\/08\/DSJ_Lubszelki_14-150x150.jpg\" class=\"attachment-thumbnail size-thumbnail\" alt=\"\" \/><\/a>\n\t\t\t<\/div><\/figure><figure class='gallery-item'>\n\t\t\t<div class='gallery-icon portrait'>\n\t\t\t\t<a href='http:\/\/lubsza.org\/wp-content\/uploads\/2023\/07\/DSJ_Lubszelki_15.jpeg' rel=\"lightbox[9625]\"><img loading=\"lazy\" decoding=\"async\" width=\"150\" height=\"150\" src=\"http:\/\/lubsza.org\/wp-content\/uploads\/2023\/07\/DSJ_Lubszelki_15-150x150.jpeg\" class=\"attachment-thumbnail size-thumbnail\" alt=\"\" \/><\/a>\n\t\t\t<\/div><\/figure>\n\t\t<\/div>\n\n","protected":false},"excerpt":{"rendered":"<p>Warsztaty wypiekania \u201eLubszelek\u201d &#8211; ciasteczek, kt\u00f3re s\u0105 regionalnymi smako\u0142ykami reprezentuj\u0105cymi nie tylko Lubsz\u0119, ale i ca\u0142\u0105 gmin\u0119 odby\u0142y si\u0119 18 lipca 2023 roku. Ca\u0142y proces od zestawienia sk\u0142adnik\u00f3w po wyrabianie ciasta, formowanie, wypiekanie oraz przyozdabianie by\u0142o przeprowadzony przez grup\u0119 os\u00f3b bior\u0105cych udzia\u0142 w Projekcie \u201eB\u0105d\u017a jak Jakub \u2013 promocja drogi jakubowej\u201d z sekcji kulinarnej pod &hellip; <a href=\"http:\/\/lubsza.org\/?p=9625\" class=\"more-link\">Czytaj dalej <span class=\"screen-reader-text\">Lubszelka \u2013 nasz lubszecki wypiek<\/span> <span class=\"meta-nav\">&rarr;<\/span><\/a><\/p>\n","protected":false},"author":2,"featured_media":0,"comment_status":"closed","ping_status":"open","sticky":false,"template":"","format":"standard","meta":{"footnotes":""},"categories":[60],"tags":[],"class_list":["post-9625","post","type-post","status-publish","format-standard","hentry","category-projekty-badz-jak-jakub-promocja-drogi-jakubowej"],"_links":{"self":[{"href":"http:\/\/lubsza.org\/index.php?rest_route=\/wp\/v2\/posts\/9625","targetHints":{"allow":["GET"]}}],"collection":[{"href":"http:\/\/lubsza.org\/index.php?rest_route=\/wp\/v2\/posts"}],"about":[{"href":"http:\/\/lubsza.org\/index.php?rest_route=\/wp\/v2\/types\/post"}],"author":[{"embeddable":true,"href":"http:\/\/lubsza.org\/index.php?rest_route=\/wp\/v2\/users\/2"}],"replies":[{"embeddable":true,"href":"http:\/\/lubsza.org\/index.php?rest_route=%2Fwp%2Fv2%2Fcomments&post=9625"}],"version-history":[{"count":4,"href":"http:\/\/lubsza.org\/index.php?rest_route=\/wp\/v2\/posts\/9625\/revisions"}],"predecessor-version":[{"id":9707,"href":"http:\/\/lubsza.org\/index.php?rest_route=\/wp\/v2\/posts\/9625\/revisions\/9707"}],"wp:attachment":[{"href":"http:\/\/lubsza.org\/index.php?rest_route=%2Fwp%2Fv2%2Fmedia&parent=9625"}],"wp:term":[{"taxonomy":"category","embeddable":true,"href":"http:\/\/lubsza.org\/index.php?rest_route=%2Fwp%2Fv2%2Fcategories&post=9625"},{"taxonomy":"post_tag","embeddable":true,"href":"http:\/\/lubsza.org\/index.php?rest_route=%2Fwp%2Fv2%2Ftags&post=9625"}],"curies":[{"name":"wp","href":"https:\/\/api.w.org\/{rel}","templated":true}]}}