{"id":9958,"date":"2023-09-30T17:42:37","date_gmt":"2023-09-30T15:42:37","guid":{"rendered":"http:\/\/lubsza.org\/?p=9958"},"modified":"2023-10-05T18:03:47","modified_gmt":"2023-10-05T16:03:47","slug":"ambrowiec-liquidambar-macrophylla","status":"publish","type":"post","link":"http:\/\/lubsza.org\/?p=9958","title":{"rendered":"AMBROWIEC (Liquidambar Macrophylla)"},"content":{"rendered":"<p style=\"text-align: center\"><strong>AMBROWIEC<br \/>\n<\/strong><em>(Liquidambar Macrophylla)<\/em><\/p>\n<p><!--more--><\/p>\n<p style=\"text-align: center\">Ambrowiec balsamiczny to gatunek drzewa pochodz\u0105cy z Ameryki P\u00f3\u0142nocnej i\u00a0\u015arodkowej. Jego ojczyzn\u0105 s\u0105 wschodnie rejony Ameryki P\u00f3\u0142nocnej, dorzecze Missisipi i Ohio, a\u017c po stan Nowy Jork na p\u00f3\u0142nocy i Floryd\u0119 na po\u0142udniu. Jest uprawiany w wielu krajach \u015bwiata. Zosta\u0142 sprowadzony do Europy w 1681 r., a obecnie ro\u015bnie w parkach zachodniej Europy. W\u00a0Polsce wyst\u0119puje w parkach, g\u0142\u00f3wnie na zachodzie kraju. Dorasta do 45 m wysoko\u015bci, \u015brednica pnia mo\u017ce osi\u0105gn\u0105\u0107 1m. Li\u015bcie podobne s\u0105 do li\u015bci klonu, jesieni\u0105 pi\u0119knie przebarwiaj\u0105 si\u0119 na czerwono i fioletowo. \u017byje nawet 200 \u2013 300 lat. W m\u0142odym wieku ro\u015bnie szybko i\u00a0zaczyna kwitn\u0105\u0107 w wieku 25-30 lat.<\/p>\n<p style=\"text-align: center\">Balsamiczna \u017cywica ambrowc\u00f3w u\u017cywana jest w medycynie, przemy\u015ble kosmetycznym i\u00a0spo\u017cywczym (kiedy\u015b aromatyzowano ni\u0105 gum\u0119 do \u017cucia). Drewno czerwonawo-br\u0105zowe z\u00a0ciemniejszymi smugami i c\u0119tkami, do\u015b\u0107 twarde i ci\u0119\u017ckie, w stolarstwie cenione na r\u00f3wni z\u00a0d\u0119bowym. Zawiera wonn\u0105 oleo\u017cywic\u0119, znan\u0105 jako &#8222;styraks ameryka\u0144ski&#8221;, wykorzystywan\u0105 w celach leczniczych jako \u015brodek wykrztu\u015bny i bakteriob\u00f3jczy. Jest bardzo dekoracyjny z\u00a0powodu ciekawego zabarwienia li\u015bci jesieni\u0105.<\/p>\n<p style=\"text-align: center\"><em>\u0179r\u00f3d\u0142o: <\/em><a href=\"https:\/\/pl.wikipedia.org\/wiki\/Ambrowiec_balsamiczny\"><em>https:\/\/pl.wikipedia.org\/wiki\/Ambrowiec_b<\/em><\/a><a href=\"https:\/\/pl.wikipedia.org\/wiki\/Ambrowiec_balsamiczny\"><em>alsamiczny<\/em><\/a><\/p>\n<div id='gallery-1' class='gallery galleryid-9958 gallery-columns-3 gallery-size-thumbnail'><figure class='gallery-item'>\n\t\t\t<div class='gallery-icon portrait'>\n\t\t\t\t<a href='http:\/\/lubsza.org\/wp-content\/uploads\/2023\/10\/001-Ambrowiec-1-scaled-e1696520856126.jpg' rel=\"lightbox[9958]\"><img loading=\"lazy\" decoding=\"async\" width=\"150\" height=\"150\" src=\"http:\/\/lubsza.org\/wp-content\/uploads\/2023\/10\/001-Ambrowiec-1-150x150.jpg\" class=\"attachment-thumbnail size-thumbnail\" alt=\"\" \/><\/a>\n\t\t\t<\/div><\/figure><figure class='gallery-item'>\n\t\t\t<div class='gallery-icon landscape'>\n\t\t\t\t<a href='http:\/\/lubsza.org\/wp-content\/uploads\/2023\/10\/001-b-Ambrowiec-1-scaled-e1696520842678.jpg' rel=\"lightbox[9958]\"><img loading=\"lazy\" decoding=\"async\" width=\"150\" height=\"150\" src=\"http:\/\/lubsza.org\/wp-content\/uploads\/2023\/10\/001-b-Ambrowiec-1-150x150.jpg\" class=\"attachment-thumbnail size-thumbnail\" alt=\"\" \/><\/a>\n\t\t\t<\/div><\/figure>\n\t\t<\/div>\n\n<p style=\"text-align: center\">\n","protected":false},"excerpt":{"rendered":"<p>AMBROWIEC (Liquidambar Macrophylla)<\/p>\n","protected":false},"author":2,"featured_media":0,"comment_status":"closed","ping_status":"open","sticky":false,"template":"","format":"standard","meta":{"footnotes":""},"categories":[62],"tags":[],"class_list":["post-9958","post","type-post","status-publish","format-standard","hentry","category-multimedialny-przewodnik-roslin"],"_links":{"self":[{"href":"http:\/\/lubsza.org\/index.php?rest_route=\/wp\/v2\/posts\/9958","targetHints":{"allow":["GET"]}}],"collection":[{"href":"http:\/\/lubsza.org\/index.php?rest_route=\/wp\/v2\/posts"}],"about":[{"href":"http:\/\/lubsza.org\/index.php?rest_route=\/wp\/v2\/types\/post"}],"author":[{"embeddable":true,"href":"http:\/\/lubsza.org\/index.php?rest_route=\/wp\/v2\/users\/2"}],"replies":[{"embeddable":true,"href":"http:\/\/lubsza.org\/index.php?rest_route=%2Fwp%2Fv2%2Fcomments&post=9958"}],"version-history":[{"count":4,"href":"http:\/\/lubsza.org\/index.php?rest_route=\/wp\/v2\/posts\/9958\/revisions"}],"predecessor-version":[{"id":9974,"href":"http:\/\/lubsza.org\/index.php?rest_route=\/wp\/v2\/posts\/9958\/revisions\/9974"}],"wp:attachment":[{"href":"http:\/\/lubsza.org\/index.php?rest_route=%2Fwp%2Fv2%2Fmedia&parent=9958"}],"wp:term":[{"taxonomy":"category","embeddable":true,"href":"http:\/\/lubsza.org\/index.php?rest_route=%2Fwp%2Fv2%2Fcategories&post=9958"},{"taxonomy":"post_tag","embeddable":true,"href":"http:\/\/lubsza.org\/index.php?rest_route=%2Fwp%2Fv2%2Ftags&post=9958"}],"curies":[{"name":"wp","href":"https:\/\/api.w.org\/{rel}","templated":true}]}}